{"id":103,"date":"2011-08-16T09:55:47","date_gmt":"2011-08-16T12:55:47","guid":{"rendered":"http:\/\/www.languagetrainers.com.br\/blog\/?p=103"},"modified":"2014-04-16T12:42:08","modified_gmt":"2014-04-16T15:42:08","slug":"lei-de-gerson","status":"publish","type":"post","link":"https:\/\/www.languagetrainersbrasil.com.br\/blog\/lei-de-gerson\/","title":{"rendered":"Lei de Gerson"},"content":{"rendered":"<p align=\"justify\"><a href=\"http:\/\/www.languagetrainersbrasil.com.br\/blog\/wp-content\/uploads\/2013\/07\/img_logo_br.jpg\"><img decoding=\"async\" class=\"alignnone size-full wp-image-1454\" alt=\"img_logo_br\" src=\"http:\/\/www.languagetrainersbrasil.com.br\/blog\/wp-content\/uploads\/2013\/07\/img_logo_br.jpg\" width=\"286\" height=\"135\" \/><\/a><\/p>\n<p align=\"justify\">Quando o marxismo era moda entre os intelectuais, a culpa era do sistema e dos pa\u00edses ricos. Durante a ditadura militar, para os militares a culpa era dos comunistas, para os comunistas era dos militares. Nos prim\u00f3rdios da globaliza\u00e7\u00e3o, a culpa era do modelo neoliberal e do FMI. Para os historicistas, a culpa era do modo pelo qual foi levada a cabo nossa coloniza\u00e7\u00e3o, de termos perdido a Guerra dos Farrapos ou de termos vencido a guerra do Paraguai. Enfim, com o decorrer dos anos, in\u00fameras explica\u00e7\u00f5es foram dadas para o nosso subdesenvolvimento. Explica\u00e7\u00f5es e explica\u00e7\u00f5es, mudando mais r\u00e1pido do que a cor da esta\u00e7\u00e3o, para o fato de sermos sempre o pa\u00eds do futuro e nunca o pa\u00eds do presente. A explica\u00e7\u00e3o da esta\u00e7\u00e3o, aquela que est\u00e1 fazendo bonito nas p\u00e1ginas dos jornais e nas mesas de bar \u00e9 a de que \u201co mal do Brasil \u00e9 o brasileiro\u201d. Em uma radicaliza\u00e7\u00e3o\/massifica\u00e7\u00e3o da teoria do soci\u00f3logo alem\u00e3o Max Weber (cuja a obra mais famosa \u00e9 \u201cA \u00c9tica Protestante e o Esp\u00edrito do Capitalismo\u201d), a moda agora \u00e9 atribuir nosso subdesenvolvimento a uma quest\u00e3o cultural. Quest\u00e3o essa denotada idiomaticamente pela express\u00e3o <i>\u201cLei de Gerson\u201d. <\/i><\/p>\n<p align=\"justify\"><i>A \u201cLei de Gerson\u201d<\/i>,que seria a primeira lei cultural-comportamental do brasileiro, constituiria em a despeito da legalidade, honestidade, moralidade e \u00e9tica, \u201ctirar vantagem em tudo\u201d. Ou seja, aproveitar-se, conseguir benef\u00edcio para si pr\u00f3prio em toda a\u00e7\u00e3o ou acontecimento sem levar em conta qualquer lei jur\u00eddica, dos costumes ou da \u00e9tica. O importante seria \u201cse dar bem\u201d. A origem dessa lei estaria ligada a um comercial de 1976, protagonizado pelo, ent\u00e3o ex-jogador da sele\u00e7\u00e3o brasileira Gerson (que acabou batizando a tal da lei). O comercial est\u00e1 dispon\u00edvel para visualiza\u00e7\u00e3o no<a href=\"http:\/\/www.youtube.com\/watch?v=y7ZxasGow_I\"> Youtube<\/a>.<\/p>\n<p align=\"justify\">Mais do que considerar a <i>lei de Gerson<\/i> como uma explica\u00e7\u00e3o simplista para a parte que nos cabe da incompet\u00eancia da Am\u00e9rica cat\u00f3lica (talvez, todos os supracitados sejam culpados ao mesmo tempo, talvez alguns, talvez nenhum deles), considero a pr\u00f3pria express\u00e3o idiom\u00e1tica <i>\u201cLei de Gerson\u201d<\/i> uma injusti\u00e7a. Por\u00e9m, essa \u00e9 uma injusti\u00e7a diferente de todas as outras que j\u00e1 tentei demonstrar neste blog. Essa injusti\u00e7a n\u00e3o \u00e9 sem\u00e2ntica, \u00e9 hist\u00f3rica. Sua v\u00edtima n\u00e3o \u00e9 uma palavra, mas uma pessoa: Gerson. A despeito do fato de ter feito o comercial para ganhar um dinheiro extra, muitos jogadores fazem coisas muito mais imorais hoje em dia, atrelar seu nome a desonestidade e a canalhice me parece a mesma coisa que ligar toda a falta de instinto paternal a David Prowse (ator de Darth Vader). Al\u00e9m do fato de estar claramente interpretando um papel, corre-se o risco de que Gerson torne-se mais conhecido no futuro como \u00edcone da desonestidade do que como o brilhante meio campista que foi. Um meio campista como n\u00e3o se faz mais hoje. Perto dele Zidane era m\u00edope (futebolisticamente falando). Lan\u00e7amentos hoje espetaculares de 50 metros, eram normais e corriqueiros para o canhotinha de ouro, uma simples quest\u00e3o de levantar a cabe\u00e7a e bater com precis\u00e3o na bola usando sua perna esquerda. Depois de ver alguns desses <a href=\"http:\/\/www.youtube.com\/watch?v=ZoKwGcM7LVg\">lances e depoimentos<\/a>, pense bem se um jogador de tal talento, mais do que isso uma pessoa querida por familiares e companheiros, merece sua imagem associada a tais adjetivos depreciativos. Deveriam, realmente, 30 segundos de uma interpreta\u00e7\u00e3o para um comercial sobressa\u00edrem a tantos anos de uma carreira solidificada com t\u00edtulos, lan\u00e7amentos e assist\u00eancias geniais?<\/p>\n<p align=\"justify\">Poucos sabem, mas existe uma verdadeira <i>\u201clei de Gerson\u201d.<\/i> N\u00e3o aquela escrita por um redator publicit\u00e1rio, n\u00e3o aquela anunciada durante a interpreta\u00e7\u00e3o de um papel em um comercial, mas sim, uma lei criada e dita por ele mesmo, como resposta aos coment\u00e1rios de que pouco corria em campo: <b>\u201cquem tem que correr \u00e9 a bola\u201d<\/b>. Essa \u00e9 a verdadeira <i>\u201clei de Gerson\u201d<\/i> que signifca que por mais nobre que seja o esfor\u00e7o, n\u00e3o pode (e n\u00e3o deve) substituir o talento, o pensamento, a intelig\u00eancia e a criatividade; que se voc\u00ea est\u00e1 precisando se esfor\u00e7ar demais \u00e9 sinal de que alguma coisa est\u00e1 errada. Essa \u00e9 a verdadeira <i>\u201clei de Gerson\u201d<\/i>. Quem sabe, nossos problemas residam justamente em n\u00e3o seguir a verdadeira <i>lei de Gerson<\/i>. Quem sabe, a solu\u00e7\u00e3o esteja em nos deslocarmos menos e de forma mais inteligente pelo gramado enquanto a bola, essa sim, cruza o campo, de um lado a outro.<\/p>\n","protected":false},"excerpt":{"rendered":"Quando o marxismo era moda entre os intelectuais, a culpa era do sistema e dos pa\u00edses ricos&#8230;.","protected":false},"author":1,"featured_media":0,"comment_status":"open","ping_status":"open","sticky":false,"template":"","format":"standard","meta":{"footnotes":""},"categories":[40],"tags":[],"class_list":["post-103","post","type-post","status-publish","format-standard","hentry","category-cultura"],"_links":{"self":[{"href":"https:\/\/www.languagetrainersbrasil.com.br\/blog\/wp-json\/wp\/v2\/posts\/103"}],"collection":[{"href":"https:\/\/www.languagetrainersbrasil.com.br\/blog\/wp-json\/wp\/v2\/posts"}],"about":[{"href":"https:\/\/www.languagetrainersbrasil.com.br\/blog\/wp-json\/wp\/v2\/types\/post"}],"author":[{"embeddable":true,"href":"https:\/\/www.languagetrainersbrasil.com.br\/blog\/wp-json\/wp\/v2\/users\/1"}],"replies":[{"embeddable":true,"href":"https:\/\/www.languagetrainersbrasil.com.br\/blog\/wp-json\/wp\/v2\/comments?post=103"}],"version-history":[{"count":6,"href":"https:\/\/www.languagetrainersbrasil.com.br\/blog\/wp-json\/wp\/v2\/posts\/103\/revisions"}],"predecessor-version":[{"id":1646,"href":"https:\/\/www.languagetrainersbrasil.com.br\/blog\/wp-json\/wp\/v2\/posts\/103\/revisions\/1646"}],"wp:attachment":[{"href":"https:\/\/www.languagetrainersbrasil.com.br\/blog\/wp-json\/wp\/v2\/media?parent=103"}],"wp:term":[{"taxonomy":"category","embeddable":true,"href":"https:\/\/www.languagetrainersbrasil.com.br\/blog\/wp-json\/wp\/v2\/categories?post=103"},{"taxonomy":"post_tag","embeddable":true,"href":"https:\/\/www.languagetrainersbrasil.com.br\/blog\/wp-json\/wp\/v2\/tags?post=103"}],"curies":[{"name":"wp","href":"https:\/\/api.w.org\/{rel}","templated":true}]}}