{"id":114,"date":"2011-09-12T19:09:58","date_gmt":"2011-09-12T22:09:58","guid":{"rendered":"http:\/\/www.languagetrainers.com.br\/blog\/?p=114"},"modified":"2014-04-16T12:39:12","modified_gmt":"2014-04-16T15:39:12","slug":"tradicao-familia-e-propriedade","status":"publish","type":"post","link":"https:\/\/www.languagetrainersbrasil.com.br\/blog\/tradicao-familia-e-propriedade\/","title":{"rendered":"Tradi\u00e7\u00e3o, fam\u00edlia e propriedade"},"content":{"rendered":"<p align=\"justify\"><a href=\"http:\/\/www.languagetrainersbrasil.com.br\/blog\/wp-content\/uploads\/2013\/07\/img_logo_br.jpg\"><img decoding=\"async\" class=\"alignnone size-full wp-image-1454\" alt=\"img_logo_br\" src=\"http:\/\/www.languagetrainersbrasil.com.br\/blog\/wp-content\/uploads\/2013\/07\/img_logo_br.jpg\" width=\"286\" height=\"135\" \/><\/a><\/p>\n<p align=\"justify\">O mais popular representante (ou deveria dizer subcelebridade?) desta corrente pol\u00edtica j\u00e1 foi em posts anteriores deste blog. O deputado, pelo Rio de Janeiro, Jair Bolsonaro \u00e9 o s\u00edmbolo da extrema direita brasileira. Isso mesmo, extrema direita nacionalista brasileira! Isolados, evitados e ridicularizados desde o fim da segunda guerra mundial, nos \u00faltimos anos os pol\u00edticos de tal ala ideol\u00f3gica est\u00e3o cada vez mais fortes. Uma explica\u00e7\u00e3o? N\u00e3o h\u00e1. Mas, h\u00e1 uma tentativa. Talvez, porque vivamos tempos dif\u00edceis e no fundo e na pol\u00edtica, somos o contr\u00e1rio do <a href=\"http:\/\/www.youtube.com\/watch?v=gztBA9bCk8E\">Le\u00e3o da Montanha<\/a>. Sempre que encontramos grandes dificuldades achamos que a sa\u00edda \u00e9 pela direita.<\/p>\n<p>&nbsp;<\/p>\n<p align=\"justify\">Reconhecer um alinhado \u00e0 extrema direita por meio do teste lingu\u00edstico \u00e9 mais f\u00e1cil do que parece, nem se faz necess\u00e1rio cursar um semestre de an\u00e1lise do discurso, basta prestar aten\u00e7\u00e3o a constante repeti\u00e7\u00e3o dos seguintes termos e express\u00f5es:<\/p>\n<p>&nbsp;<\/p>\n<p align=\"justify\"><b>Patriotismo:<\/b> O integrante da extrema direita transpira patriotismo. Mais do que transpira, vomita patriotismo. Mas, o patriotismo n\u00e3o aparece na forma de uma saud\u00e1vel autoestima nacional (a qual se costuma chamar-se de brasilidade), o patriotismo de extrema direita aparece de uma forma fan\u00e1tica e quase b\u00e9lica no meio de express\u00f5es como \u201ctraidor da p\u00e1tria\u201d ou \u201cservo da na\u00e7\u00e3o\u201d. E, \u00e9 claro, ningu\u00e9m pode ser t\u00e3o patriota como os her\u00f3is da \u201cRevolu\u00e7\u00e3o de 31 de mar\u00e7o\u201d (vide post anterior). Se perguntado sobre a proibi\u00e7\u00e3o da comemora\u00e7\u00e3o do golpe militar nos quart\u00e9is responder\u00e1 (depois de xing\u00e1-lo, obviamente, por ter se referido a revolu\u00e7\u00e3o como golpe) que isso \u00e9 um desrespeito a um \u201cper\u00edodo glorioso da hist\u00f3ria da na\u00e7\u00e3o\u201d. H\u00e1 rumores de que alguns seriam at\u00e9 capazes de citar versos inteiros do Hino \u00e0 Bandeira<\/p>\n<p>&nbsp;<\/p>\n<p align=\"justify\"><b>ROTA:<\/b> Teste v\u00e1lido apenas para habitantes do estado de S\u00e3o Paulo. Sempre que algu\u00e9m disser, ao comentar sobre a falta de seguran\u00e7a, que nos tempos da \u201crota na rua\u201d (repare na bel\u00edssima sonoridade) isso n\u00e3o acontecia, pode ter certeza: extrema-direita.<\/p>\n<p align=\"justify\"><b>Tradi\u00e7\u00e3o:<\/b> Em algum momento, de qualquer discuss\u00e3o, sobre qualquer assunto, um alinhado a extrema direita ser\u00e1 obrigado a utilizar um argumento da tradi\u00e7\u00e3o. \u00c9 assim, sempre foi assim e sempre vai ser assim. Em tempos de uni\u00e3o homossexual, liberdade de acesso \u00e0 informa\u00e7\u00e3o e prolifera\u00e7\u00e3o de religi\u00f5es, nenhum outro argumento e nenhum outro termo parece mais anacr\u00f4nico.<\/p>\n<p>&nbsp;<\/p>\n<p align=\"justify\"><b>Vagabundo:<\/b> Outra palavra que j\u00e1 foi discutida em outro desse posts. Pessoas ideologicamente posicionadas a extrema direita adoram se referir aos outros como vagabundos. Mesmo que esses n\u00e3o sejam tecnicamente vagabundos. Por\u00e9m, para os alinhados \u00e0 extrema direita o s\u00e3o. Pois, para eles existem apenas tr\u00eas profiss\u00f5es (al\u00e9m da carreira militar, \u00e9 claro): m\u00e9dico, engenheiro e advogado. Qualquer outro profissional \u00e9 vagabundo ou subempregado (porque n\u00e3o se esfor\u00e7a, ou seja, \u00e9 vagabundo).<\/p>\n<p>&nbsp;<\/p>\n<p align=\"justify\"><b>Fam\u00edlia:<\/b> A fam\u00edlia b\u00e1sica: papai, mam\u00e3e, filhinho(a). N\u00e3o \u00e9 mais o n\u00facleo da sociedade. \u00c9 s\u00f3 atentar para o gigantesco n\u00famero de div\u00f3rcios. Quem dir\u00e1 da fam\u00edlia estendida com primos, primas e tios. No entanto, eles ainda est\u00e3o parados no in\u00edcio do s\u00e9culo XX e vivem acusando coisas de \u201camea\u00e7ar a fam\u00edlia\u201d. Aparentemente desconhecem as leis do div\u00f3rcio, da uni\u00e3o civil est\u00e1vel e o porntube. Al\u00e9m do mais, sempre me pareceu que a maior amea\u00e7a a fam\u00edlia brasileira eram os pr\u00f3prios membros da fam\u00edlia brasileira (afinal, n\u00e3o s\u00e3o eles, ou pelo menos um deles, que escolhem o div\u00f3rcio?).<br \/>\nPropriedade: Nada \u00e9 mais importante para a extrema direita. Mais importante que a fam\u00edlia e tradi\u00e7\u00e3o (afinal, onde reunir o primeiro e seguir com o segundo?). A influ\u00eancia disso na vida brasileira? A diferen\u00e7a de severidade da puni\u00e7\u00e3o dos crimes contra a propriedade privada e aqueles contra a propriedade p\u00fablica.<\/p>\n<p>&nbsp;<\/p>\n<p align=\"justify\">Pronto, mais uma fase do teste pol\u00edtico-linguistico aplicada. Na pr\u00f3xima, veremos como descobrir pelo vocabul\u00e1rio, se algu\u00e9m \u00e9 de extrema esquerda.<\/p>\n","protected":false},"excerpt":{"rendered":"O mais popular representante (ou deveria dizer subcelebridade?) desta corrente pol\u00edtica j\u00e1 foi em posts anteriores deste&#8230;","protected":false},"author":1,"featured_media":0,"comment_status":"open","ping_status":"open","sticky":false,"template":"","format":"standard","meta":{"footnotes":""},"categories":[40,38],"tags":[],"class_list":["post-114","post","type-post","status-publish","format-standard","hentry","category-cultura","category-politica"],"_links":{"self":[{"href":"https:\/\/www.languagetrainersbrasil.com.br\/blog\/wp-json\/wp\/v2\/posts\/114"}],"collection":[{"href":"https:\/\/www.languagetrainersbrasil.com.br\/blog\/wp-json\/wp\/v2\/posts"}],"about":[{"href":"https:\/\/www.languagetrainersbrasil.com.br\/blog\/wp-json\/wp\/v2\/types\/post"}],"author":[{"embeddable":true,"href":"https:\/\/www.languagetrainersbrasil.com.br\/blog\/wp-json\/wp\/v2\/users\/1"}],"replies":[{"embeddable":true,"href":"https:\/\/www.languagetrainersbrasil.com.br\/blog\/wp-json\/wp\/v2\/comments?post=114"}],"version-history":[{"count":6,"href":"https:\/\/www.languagetrainersbrasil.com.br\/blog\/wp-json\/wp\/v2\/posts\/114\/revisions"}],"predecessor-version":[{"id":1642,"href":"https:\/\/www.languagetrainersbrasil.com.br\/blog\/wp-json\/wp\/v2\/posts\/114\/revisions\/1642"}],"wp:attachment":[{"href":"https:\/\/www.languagetrainersbrasil.com.br\/blog\/wp-json\/wp\/v2\/media?parent=114"}],"wp:term":[{"taxonomy":"category","embeddable":true,"href":"https:\/\/www.languagetrainersbrasil.com.br\/blog\/wp-json\/wp\/v2\/categories?post=114"},{"taxonomy":"post_tag","embeddable":true,"href":"https:\/\/www.languagetrainersbrasil.com.br\/blog\/wp-json\/wp\/v2\/tags?post=114"}],"curies":[{"name":"wp","href":"https:\/\/api.w.org\/{rel}","templated":true}]}}