{"id":124,"date":"2011-10-04T22:19:37","date_gmt":"2011-10-05T01:19:37","guid":{"rendered":"http:\/\/www.languagetrainers.com.br\/blog\/?p=124"},"modified":"2014-04-16T12:35:57","modified_gmt":"2014-04-16T15:35:57","slug":"quando-jovem-todos-sao-de-esquerda","status":"publish","type":"post","link":"https:\/\/www.languagetrainersbrasil.com.br\/blog\/quando-jovem-todos-sao-de-esquerda\/","title":{"rendered":"Quando jovem todos s\u00e3o de esquerda"},"content":{"rendered":"<p align=\"justify\"><a href=\"http:\/\/www.languagetrainersbrasil.com.br\/blog\/wp-content\/uploads\/2013\/07\/img_logo_br.jpg\"><img decoding=\"async\" class=\"alignnone size-full wp-image-1454\" alt=\"img_logo_br\" src=\"http:\/\/www.languagetrainersbrasil.com.br\/blog\/wp-content\/uploads\/2013\/07\/img_logo_br.jpg\" width=\"286\" height=\"135\" \/><\/a><\/p>\n<p align=\"justify\">A jovem esquerda, a atual juventude comunista, j\u00e1 nasceu com o Muro de Berlim no ch\u00e3o ou pr\u00f3ximo dele. Viu a Perestroika. Nunca correu o risco de ser exilada ou torturada, e muitos foram at\u00e9 estimulados pelos pais a serem de esquerda. Al\u00e9m disso, est\u00e3o assistindo a China se transformar em um sistema misto (que por incr\u00edvel que pare\u00e7a combina o pior dos dois sistemas). Sem um movimento estudantil consistente, decepcionada com o PT, sem uma esperan\u00e7a de governo comunista, a jovem esquerda parece que s\u00f3 \u00e9 movida pelas palavras de Cazuza: \u201cIdeologia! Eu quero uma pra viver!\u201d. Abaixo, apresento o vocabul\u00e1rio b\u00e1sico para identificar os membros dessa corrente ideol\u00f3gica.<\/p>\n<p>&nbsp;<\/p>\n<p align=\"justify\"><b>Estadunidense<\/b>: Qualquer um que se refere aos norte-americanos dessa forma (porque Am\u00e9rica do Norte tamb\u00e9m inclui Canad\u00e1 ou M\u00e9xico) ou evita falar americanos (porque Am\u00e9rica tamb\u00e9m inclui a do Sul e Central), embora esteja certo geograficamente esquece que as duas anteriores j\u00e1 s\u00e3o formas cristalizadas e consagradas. Ou seja, deixaram de significar exatamente o que significavam para significar os habitantes dos EUA (sem contar que a pragm\u00e1tica tamb\u00e9m pode ajudar a resolver o problema). Qualquer um que ignore esse fato, usando essa palavra, ou \u00e9 um Boliviriano anacr\u00f4nico (que acredita na uni\u00e3o dos povos sulamericanos), \u00e9 um \u201codiador\u201d do imperialismo americano ou \u00e9 um chato que quer mostrar que conhece geografia. Grande parte dos usu\u00e1rios desta terminologia combina as duas coisas.<\/p>\n<p>&nbsp;<\/p>\n<p align=\"justify\"><b>Transnacionaliza\u00e7\u00e3o do Capital:<\/b> Qualquer pessoa que usar essa terminologia gigantesca no lugar de globaliza\u00e7\u00e3o fora do contexto de um trabalho acad\u00eamico \u00e9 da Nova Esquerda e est\u00e1 abusando dos clich\u00eas&#8230;<\/p>\n<p>&nbsp;<\/p>\n<p align=\"justify\"><b>Neoliberal:<\/b> Usado como insulto (principalmente, se acompanhado da palavra porco), s\u00f3 pode ser feito pela esquerda jovem (que aprendeu essa palavra no segundo governo Fernando Henrique Cardoso).<\/p>\n<p>&nbsp;<\/p>\n<p align=\"justify\"><b>Movimento estudantil\/luta estudantil<\/b>: O movimento estudantil e suas associa\u00e7\u00f5es tiveram muita influ\u00eancia pol\u00edtica na \u00e9poca da ditadura. Hoje em dia, os centros acad\u00eamicos s\u00f3 servem para montar salas com mesa de sinuca e TV para ver jogos da UEFA Champions League em hor\u00e1rio de aula. As grandes organiza\u00e7\u00f5es estudantis nacionais s\u00f3 servem para emitir carteirinha pra pagar meia em shows, albergues. Logo, qualquer um que use tais termos em qualquer contexto pol\u00edtico \u00e9 um jovem comunista e saudosista (precoce) inveterado.<\/p>\n<p align=\"justify\"><b>Universidade popular\/deselitizada:<\/b> Outro grito b\u00e1sico do jovem esquerdista. Universidade Popular P\u00fablica e de qualidade para todos. Justo, \u00e9 claro. Embora, por uma quest\u00e3o de ordem, precis\u00e1ssemos de um Ensino Fundamental (ou antes, Infantil) de qualidade, p\u00fablico e para todos. Mas, ignorar esse fato \u00e9 t\u00edpico da juventude esquerdista (afinal, 85% est\u00e3o ou s\u00e3o amigos de quem est\u00e1 na universidade e estudaram em col\u00e9gios particulares&#8230;)<\/p>\n<p>&nbsp;<\/p>\n<p align=\"justify\"><b>Quest\u00e3o de ordem:<\/b> Qualquer pessoa que use a express\u00e3o \u201cQuest\u00e3o de ordem\u201d fora do contexto de uma assembleia (UPS! Eu usei acima) tem fortes tend\u00eancias da nova esquerda. Geralmente a quest\u00e3o de ordem n\u00e3o \u00e9 uma quest\u00e3o de ordem, \u00e9 s\u00f3 para ganhar a palavra mesmo.<\/p>\n<p>&nbsp;<\/p>\n<p align=\"justify\">Bom, como muitos dos termos da velha esquerda ainda s\u00e3o usados pela nova esquerda e a diferen\u00e7a entre eles \u00e9 apenas de gera\u00e7\u00e3o, creio que esgotamos nosso l\u00e9xico por aqui. Na pr\u00f3xima an\u00e1lise de l\u00e9xico, saiba como reconhecer os novos engajados: os verdes!<\/p>\n","protected":false},"excerpt":{"rendered":"A jovem esquerda, a atual juventude comunista, j\u00e1 nasceu com o Muro de Berlim no ch\u00e3o ou&#8230;","protected":false},"author":1,"featured_media":0,"comment_status":"open","ping_status":"open","sticky":false,"template":"","format":"standard","meta":{"footnotes":""},"categories":[38],"tags":[],"class_list":["post-124","post","type-post","status-publish","format-standard","hentry","category-politica"],"_links":{"self":[{"href":"https:\/\/www.languagetrainersbrasil.com.br\/blog\/wp-json\/wp\/v2\/posts\/124"}],"collection":[{"href":"https:\/\/www.languagetrainersbrasil.com.br\/blog\/wp-json\/wp\/v2\/posts"}],"about":[{"href":"https:\/\/www.languagetrainersbrasil.com.br\/blog\/wp-json\/wp\/v2\/types\/post"}],"author":[{"embeddable":true,"href":"https:\/\/www.languagetrainersbrasil.com.br\/blog\/wp-json\/wp\/v2\/users\/1"}],"replies":[{"embeddable":true,"href":"https:\/\/www.languagetrainersbrasil.com.br\/blog\/wp-json\/wp\/v2\/comments?post=124"}],"version-history":[{"count":6,"href":"https:\/\/www.languagetrainersbrasil.com.br\/blog\/wp-json\/wp\/v2\/posts\/124\/revisions"}],"predecessor-version":[{"id":1635,"href":"https:\/\/www.languagetrainersbrasil.com.br\/blog\/wp-json\/wp\/v2\/posts\/124\/revisions\/1635"}],"wp:attachment":[{"href":"https:\/\/www.languagetrainersbrasil.com.br\/blog\/wp-json\/wp\/v2\/media?parent=124"}],"wp:term":[{"taxonomy":"category","embeddable":true,"href":"https:\/\/www.languagetrainersbrasil.com.br\/blog\/wp-json\/wp\/v2\/categories?post=124"},{"taxonomy":"post_tag","embeddable":true,"href":"https:\/\/www.languagetrainersbrasil.com.br\/blog\/wp-json\/wp\/v2\/tags?post=124"}],"curies":[{"name":"wp","href":"https:\/\/api.w.org\/{rel}","templated":true}]}}