{"id":128,"date":"2011-10-11T03:57:04","date_gmt":"2011-10-11T06:57:04","guid":{"rendered":"http:\/\/www.languagetrainers.com.br\/blog\/?p=128"},"modified":"2014-04-16T12:33:49","modified_gmt":"2014-04-16T15:33:49","slug":"verde-a-cor-da-estacao","status":"publish","type":"post","link":"https:\/\/www.languagetrainersbrasil.com.br\/blog\/verde-a-cor-da-estacao\/","title":{"rendered":"Verde: a cor da esta\u00e7\u00e3o"},"content":{"rendered":"<p align=\"justify\"><a href=\"http:\/\/www.languagetrainersbrasil.com.br\/blog\/wp-content\/uploads\/2013\/07\/img_logo_br.jpg\"><img decoding=\"async\" class=\"alignnone size-full wp-image-1454\" alt=\"img_logo_br\" src=\"http:\/\/www.languagetrainersbrasil.com.br\/blog\/wp-content\/uploads\/2013\/07\/img_logo_br.jpg\" width=\"286\" height=\"135\" \/><\/a><\/p>\n<p align=\"justify\">Neste post trataremos do vocabul\u00e1rio do terceiro grupo pol\u00edtico brasileiro (se \u00e9 que tal coisa n\u00e3o passa de mera fic\u00e7\u00e3o): <i>os verdes<\/i>. \u00c9 preciso ter cuidado para que em um pequeno acesso de daltonismo n\u00e3o se confunda os verdes com os socialistas. Os primeiros recebem esse nome, pois antagonizam o sistema (capitalismo) apenas na medida em que esse \u00faltimo afeta negativamente a natureza (o termo \u201cverde\u201d foi emprestado da clorofila das plantas). Por motivos \u00f3bvios, acabam por entrar em choque mais com a direita do que com a esquerda. Embora choques com a esquerda n\u00e3o seja imposs\u00edveis, principalmente se acharem que a \u201ccausa\u201d (seja ela qual for) est\u00e1 sendo obtida, ou cogitada em ser obtida, a custo do planeta. Segue abaixo (assim como nos demais posts), um guia lexical para reconhecer um verde ou passar-se por um (h\u00e1 v\u00e1rios motivos para faz\u00ea-lo: parecer descolado, impressionar as garotas, as m\u00e3es das garotas e, tamb\u00e9m, todo o pessoal descolado).<\/p>\n<p>&nbsp;<\/p>\n<p><b>Sustent\u00e1vel:<\/b> Adjetivo de ordem do momento. Temos pol\u00edtica <i>sustent\u00e1vel<\/i>, agricultura <i>sustent\u00e1vel<\/i>, e talvez estejamos pr\u00f3ximos de ter um desmatamento <i>sustent\u00e1vel<\/i>. <i>Sustent\u00e1vel<\/i> \u00e9 toda pr\u00e1tica que pode ser prolongada, ou <i>sustentada<\/i>, com m\u00ednimos preju\u00edzos ao meio-ambiente.<\/p>\n<p>&nbsp;<\/p>\n<p align=\"justify\"><b>Verde<\/b>: Tamb\u00e9m usado como adjetivo indica tudo que \u00e9 amig\u00e1vel ao meio ambiente. Praticamente sin\u00f4nimo de sustent\u00e1vel e t\u00e3o usado quanto (temos a TI <i>verde<\/i>, a minera\u00e7\u00e3o <i>verde<\/i>, etc.).<\/p>\n<p>&nbsp;<\/p>\n<p align=\"justify\"><b>Org\u00e2nico:<\/b> Verde que \u00e9 <i>roxo<\/i> consome apenas alimentos org\u00e2nicos (sem conservantes artificiais, manipula\u00e7\u00f5es transg\u00eanicas ou pesticidas). Se tiver uma quedinha para a esquerda, n\u00e3o basta ser org\u00e2nico tem de ser produzido por agricultura familiar. Contudo, aos poucos, org\u00e2nico, est\u00e1 se tornando s\u00edmbolo de status, luxo (como importado) com a diferen\u00e7a de que tamb\u00e9m \u00e9 \u00e9tico e moral.<\/p>\n<p>&nbsp;<\/p>\n<p align=\"justify\"><b>Vegan\/Vegetariano\/Outras Variantes:<\/b> Alguns verdes s\u00e3o t\u00e3o engajados que levam essa inclina\u00e7\u00e3o at\u00e9 para o prato e s\u00f3 comem o que \u00e9 verde. O grau de dedica\u00e7\u00e3o, \u00e9 claro, varia alguns n\u00e3o comem apenas carne vermelha, outros nem peixes, outros nem ovos, outros s\u00f3 comem frutas que ca\u00edram do p\u00e9 (o que, por uma quest\u00e3o de Gravidade, exclu\u00ed ra\u00edzes do card\u00e1pio).<\/p>\n<p>&nbsp;<\/p>\n<p align=\"justify\"><b>Ecobag<\/b>: Consci\u00eancia ecol\u00f3gica (veja mais adiante) juntamente com um termo composto em ingl\u00eas (<a href=\"http:\/\/www.languagetrainers.com.br\/blog\/?p=88\">vide We speak no &#8220;americano&#8221;<\/a>) imposs\u00edvel parecer mais moderninho e \u201cdo bem\u201d. N\u00e3o basta, por\u00e9m, possuir uma ecobag \u00e9 preciso falar de suas vantagens e convencer os outros a abandonar as sat\u00e2nicas sacolinhas pl\u00e1sticas. A ecobag al\u00e9m de soar moderninha e \u201cdo bem\u201d \u00e9 retorn\u00e1vel e feita de material org\u00e2nico. Mais politicamente correto, imposs\u00edvel.<\/p>\n<p>&nbsp;<\/p>\n<p align=\"justify\"><b>Reciclagem\/Coleta Seletiva:<\/b> O mais bem sucedido dos conceitos verdes ou<br \/>\nsustent\u00e1veis. Ganhou o mundo e hoje, praticamente todos os lugares j\u00e1 a implantaram ou a planejam implantar.<\/p>\n<p>&nbsp;<\/p>\n<p align=\"justify\"><b>Consci\u00eancia Ecol\u00f3gica: <\/b>Ter a consci\u00eancia daquilo que \u00e9 sustent\u00e1vel, verde ou bom para o planeta. Ter a consci\u00eancia de separar o lixo, de tomar banho em cinco minutos, de reusar a \u00e1gua da lavagem do carro, consci\u00eancia de urinar enquanto se toma banho&#8230; Essa \u00e9 a consci\u00eancia da vez (j\u00e1 tivemos a consci\u00eancia de classe, a consci\u00eancia pol\u00edtica, etc). Basicamente serve para separar aqueles que s\u00e3o verdes (aqueles que t\u00eam consci\u00eancia ecol\u00f3gica e, logo, separam o lixo, reusam a \u00e1gua, urinam no banho) daqueles que s\u00e3o n\u00e3o-verdes (aqueles que n\u00e3o t\u00eam consci\u00eancia ecol\u00f3gica, e logo, n\u00e3o separam o lixo, n\u00e3o reusam a \u00e1gua&#8230;).<\/p>\n<p>&nbsp;<\/p>\n<p align=\"justify\">Terminamos por aqui a s\u00e9rie de linguagem da pol\u00edtica (ou de l\u00edngua da politicagem) deste blog. Conv\u00e9m ressaltar que Independente da fun\u00e7\u00e3o, da orienta\u00e7\u00e3o e da ideologia, jarg\u00f5es servem para uma coisa s\u00f3. Separar os nossos dos deles. No fundo, todo o jarg\u00e3o, n\u00e3o passa de um modo sutil de perguntar e responder <i>voc\u00ea sabe a senha?<\/i><\/p>\n","protected":false},"excerpt":{"rendered":"Neste post trataremos do vocabul\u00e1rio do terceiro grupo pol\u00edtico brasileiro (se \u00e9 que tal coisa n\u00e3o passa&#8230;","protected":false},"author":1,"featured_media":0,"comment_status":"open","ping_status":"open","sticky":false,"template":"","format":"standard","meta":{"footnotes":""},"categories":[38],"tags":[],"class_list":["post-128","post","type-post","status-publish","format-standard","hentry","category-politica"],"_links":{"self":[{"href":"https:\/\/www.languagetrainersbrasil.com.br\/blog\/wp-json\/wp\/v2\/posts\/128"}],"collection":[{"href":"https:\/\/www.languagetrainersbrasil.com.br\/blog\/wp-json\/wp\/v2\/posts"}],"about":[{"href":"https:\/\/www.languagetrainersbrasil.com.br\/blog\/wp-json\/wp\/v2\/types\/post"}],"author":[{"embeddable":true,"href":"https:\/\/www.languagetrainersbrasil.com.br\/blog\/wp-json\/wp\/v2\/users\/1"}],"replies":[{"embeddable":true,"href":"https:\/\/www.languagetrainersbrasil.com.br\/blog\/wp-json\/wp\/v2\/comments?post=128"}],"version-history":[{"count":5,"href":"https:\/\/www.languagetrainersbrasil.com.br\/blog\/wp-json\/wp\/v2\/posts\/128\/revisions"}],"predecessor-version":[{"id":1632,"href":"https:\/\/www.languagetrainersbrasil.com.br\/blog\/wp-json\/wp\/v2\/posts\/128\/revisions\/1632"}],"wp:attachment":[{"href":"https:\/\/www.languagetrainersbrasil.com.br\/blog\/wp-json\/wp\/v2\/media?parent=128"}],"wp:term":[{"taxonomy":"category","embeddable":true,"href":"https:\/\/www.languagetrainersbrasil.com.br\/blog\/wp-json\/wp\/v2\/categories?post=128"},{"taxonomy":"post_tag","embeddable":true,"href":"https:\/\/www.languagetrainersbrasil.com.br\/blog\/wp-json\/wp\/v2\/tags?post=128"}],"curies":[{"name":"wp","href":"https:\/\/api.w.org\/{rel}","templated":true}]}}