{"id":1801,"date":"2014-06-23T11:50:25","date_gmt":"2014-06-23T14:50:25","guid":{"rendered":"http:\/\/www.languagetrainersbrasil.com.br\/blog\/?p=1801"},"modified":"2014-06-23T20:24:09","modified_gmt":"2014-06-23T23:24:09","slug":"conheca-mais-sobre-a-argelia-o-representante-do-norte-da-africa-na-copa-do-mundo-do-brasil","status":"publish","type":"post","link":"https:\/\/www.languagetrainersbrasil.com.br\/blog\/conheca-mais-sobre-a-argelia-o-representante-do-norte-da-africa-na-copa-do-mundo-do-brasil\/","title":{"rendered":"Conhe\u00e7a Mais Sobre a Arg\u00e9lia &#8211; O Representante do Norte da \u00c1frica na Copa Do Mundo do Brasil"},"content":{"rendered":"<p style=\"text-align: justify;\">No <a href=\"http:\/\/www.languagetrainersbrasil.com.br\/blog\/as-linguas-faladas-pelas-selecoes-africanas-na-copa-do-mundo\/\">artigo da semana passada<\/a>, sobre as sele\u00e7\u00f5es africanas na Copa do Mundo, cometi um erro e de certa forma uma injusti\u00e7a, ao deixar de incluir a sele\u00e7\u00e3o da Arg\u00e9lia entre as que representam o continente africano no mundial do Brasil.<\/p>\n<p style=\"text-align: justify;\">Devido a uma divis\u00e3o cultural dentro da \u00c1frica, o Norte do continente \u00e9 muitas vezes diferenciados dos subsaarianos. Esse divis\u00e3o \u00e9 assim: Os pa\u00edses ao norte do deserto do Saara, s\u00e3o chamados de Magreb ou Magrebe (em l\u00edngua \u00e1rabe, \u0627\u0644\u0645\u063a\u0631\u0628, Al-Maghrib, que significa &#8220;poente&#8221; ou &#8220;ocidente&#8221; \u00e9 a regi\u00e3o noroeste da \u00c1frica). Os os que est\u00e3o abaixo do mencionado deserto, s\u00e3o conhecido como os pa\u00edses da \u00c1frica subsaarianas ou \u00c1frica negra.<\/p>\n<p style=\"text-align: justify;\"><a href=\"http:\/\/www.languagetrainersbrasil.com.br\/blog\/wp-content\/uploads\/2014\/06\/Magrib.png\"><img decoding=\"async\" class=\"alignnone size-medium wp-image-1804\" src=\"http:\/\/www.languagetrainersbrasil.com.br\/blog\/wp-content\/uploads\/2014\/06\/Magrib-300x196.png\" alt=\"Magrib\" width=\"300\" height=\"196\" srcset=\"https:\/\/www.languagetrainersbrasil.com.br\/blog\/wp-content\/uploads\/2014\/06\/Magrib-300x196.png 300w, https:\/\/www.languagetrainersbrasil.com.br\/blog\/wp-content\/uploads\/2014\/06\/Magrib.png 330w\" sizes=\"(max-width: 300px) 100vw, 300px\" \/><\/a><\/p>\n<p style=\"text-align: justify;\">Para os f\u00e3s de futebol \u00e9 importante lembrar que o mais famoso jogador franc\u00eas da hist\u00f3ria, Zinedine Zidane, \u00e9 de origem argelina.<\/p>\n<p style=\"text-align: justify;\"><a href=\"http:\/\/www.languagetrainersbrasil.com.br\/blog\/wp-content\/uploads\/2014\/06\/3315998018_bd22a1d3a5_z.jpg\"><img decoding=\"async\" class=\"alignnone size-medium wp-image-1802\" src=\"http:\/\/www.languagetrainersbrasil.com.br\/blog\/wp-content\/uploads\/2014\/06\/3315998018_bd22a1d3a5_z-255x300.jpg\" alt=\"3315998018_bd22a1d3a5_z\" width=\"255\" height=\"300\" srcset=\"https:\/\/www.languagetrainersbrasil.com.br\/blog\/wp-content\/uploads\/2014\/06\/3315998018_bd22a1d3a5_z-255x300.jpg 255w, https:\/\/www.languagetrainersbrasil.com.br\/blog\/wp-content\/uploads\/2014\/06\/3315998018_bd22a1d3a5_z.jpg 546w\" sizes=\"(max-width: 255px) 100vw, 255px\" \/><\/a><\/p>\n<p style=\"text-align: justify;\">Abaixo alguns fatos do pa\u00eds:<\/p>\n<p style=\"text-align: justify;\">1. Arg\u00e9lia \u00e9 o maior pa\u00eds em \u00e1rea na \u00c1frica.<\/p>\n<p style=\"text-align: justify;\">2. O Deserto do Saara cobre 80% da Arg\u00e9lia.<\/p>\n<p style=\"text-align: justify;\">3. Atualmente <strong>o \u00e1rabe \u00e9 a l\u00edngua oficial e a mais falada do pa\u00eds<\/strong>. Cerca de 15% da popula\u00e7\u00e3o ainda fala a l\u00edngua berbere; estes habitantes vivem maioritariamente nas regi\u00f5es do norte do pa\u00eds, mas tamb\u00e9m incluem os tuaregues do Saara. <strong>O franc\u00eas \u00e9 largamente falado, e cerca de 1% da popula\u00e7\u00e3o argelina \u00e9 descendente europ\u00e9ia<\/strong>.<\/p>\n<div id=\"attachment_1803\" style=\"width: 286px\" class=\"wp-caption alignnone\"><a href=\"http:\/\/www.languagetrainersbrasil.com.br\/blog\/wp-content\/uploads\/2014\/06\/Panneau_de_signalisation_multilingue_\u00e0_Issers_Alg\u00e9rie.jpg\"><img decoding=\"async\" aria-describedby=\"caption-attachment-1803\" class=\"wp-image-1803 size-medium\" src=\"http:\/\/www.languagetrainersbrasil.com.br\/blog\/wp-content\/uploads\/2014\/06\/Panneau_de_signalisation_multilingue_\u00e0_Issers_Alg\u00e9rie-276x300.jpg\" alt=\"Panneau_de_signalisation_multilingue_\u00e0_Issers_(Alg\u00e9rie)\" width=\"276\" height=\"300\" srcset=\"https:\/\/www.languagetrainersbrasil.com.br\/blog\/wp-content\/uploads\/2014\/06\/Panneau_de_signalisation_multilingue_\u00e0_Issers_Alg\u00e9rie-276x300.jpg 276w, https:\/\/www.languagetrainersbrasil.com.br\/blog\/wp-content\/uploads\/2014\/06\/Panneau_de_signalisation_multilingue_\u00e0_Issers_Alg\u00e9rie.jpg 297w\" sizes=\"(max-width: 276px) 100vw, 276px\" \/><\/a><p id=\"caption-attachment-1803\" class=\"wp-caption-text\">Placa argelina em \u00e1rabe, berbere e franc\u00eas<\/p><\/div>\n<p style=\"text-align: justify;\">4.\u00a0A sele\u00e7\u00e3o argelina de futebol,\u00a0<span style=\"color: #252525;\">conhecida como\u00a0<\/span><i style=\"color: #252525;\"><b>Les Fennecs<\/b><\/i><span style=\"color: #252525;\">\u00a0&#8211;\u00a0<\/span><i style=\"color: #252525;\">As Raposas do Deserto,\u00a0<\/i>est\u00e1 em sua quarta copa do mundo. J\u00e1 participaram dos mundiais de 1982 (na Espanha), 1986 (no M\u00e9xico), 2010 (na \u00c1frica do Sul) e agora em 2014. Conquistaram sua primeira vit\u00f3ria em copas no \u00faltimo domingo, dia 22 de junho, frente a sele\u00e7\u00e3o da Cor\u00e9ia do Sul.<\/p>\n<p style=\"text-align: justify;\">6. As \u00fanicas pessoas que nasceram na Arg\u00e9lia a ganharam pr\u00eamios Nobel foram Albert Camus (Literatura 1957) e Claude Cohen-Tannoudji (F\u00edsica, 1997).<\/p>\n<p style=\"text-align: justify;\">7. Albert Camus jogou como goleiro do time de futebol da Universidade de Argel, o que pode, portanto, ser \u00fanica universidade do mundo a ter um goleiro vencedor do Pr\u00eamio Nobel em sua equipe. Camus era o goleiro da sele\u00e7\u00e3o universit\u00e1ria. Ele era um apaixonado por futebol, e essa paix\u00e3o ele levou por toda a vida. <strong>Em 1949 quando visitou o Brasil impressionou-se pelo amor que n\u00f3s temos pelo futebol e diz-se que ao chegar no pa\u00eds, a primeira coisa que pediu foi para ser levado para assistir uma partida de futebol.\u00a0<\/strong><\/p>\n<p style=\"text-align: justify;\">8. Em 2007, um tribunal na Arg\u00e9lia tinha que se pronunciar sobre a propriedade de um burro que tinha comido o dinheiro trazido por um comprador para a sua venda.<\/p>\n<p style=\"text-align: justify;\">9. A\u00a0temperatura mais alta j\u00e1 registrada na Arg\u00e9lia foi 51 graus, registrada \u00a0em agosto de 2011<\/p>\n<p style=\"text-align: justify;\">Gostou? Que tal um <a href=\"http:\/\/www.languagetrainersbrasil.com.br\/testes-idioma\/testes-nivel.php\">teste de n\u00edvel<\/a> em <a href=\"http:\/\/www.languagetrainersbrasil.com.br\/testes-idioma\/arabe-teste-nivel.php\">\u00c1RABE<\/a> ou <a href=\"http:\/\/www.languagetrainersbrasil.com.br\/testes-idioma\/frances-teste-nivel.php\">FRANC\u00caS<\/a>?<\/p>\n","protected":false},"excerpt":{"rendered":"No artigo da semana passada, sobre as sele\u00e7\u00f5es africanas na Copa do Mundo, cometi um erro e&#8230;","protected":false},"author":4,"featured_media":0,"comment_status":"open","ping_status":"open","sticky":false,"template":"","format":"standard","meta":{"footnotes":""},"categories":[40,39,31,10],"tags":[61,62,63,60,58,473,59],"class_list":["post-1801","post","type-post","status-publish","format-standard","hentry","category-cultura","category-esportes","category-frances","category-paises","tag-africa","tag-arabe","tag-argelia","tag-brasil","tag-copa","tag-frances","tag-mundo"],"_links":{"self":[{"href":"https:\/\/www.languagetrainersbrasil.com.br\/blog\/wp-json\/wp\/v2\/posts\/1801"}],"collection":[{"href":"https:\/\/www.languagetrainersbrasil.com.br\/blog\/wp-json\/wp\/v2\/posts"}],"about":[{"href":"https:\/\/www.languagetrainersbrasil.com.br\/blog\/wp-json\/wp\/v2\/types\/post"}],"author":[{"embeddable":true,"href":"https:\/\/www.languagetrainersbrasil.com.br\/blog\/wp-json\/wp\/v2\/users\/4"}],"replies":[{"embeddable":true,"href":"https:\/\/www.languagetrainersbrasil.com.br\/blog\/wp-json\/wp\/v2\/comments?post=1801"}],"version-history":[{"count":2,"href":"https:\/\/www.languagetrainersbrasil.com.br\/blog\/wp-json\/wp\/v2\/posts\/1801\/revisions"}],"predecessor-version":[{"id":1806,"href":"https:\/\/www.languagetrainersbrasil.com.br\/blog\/wp-json\/wp\/v2\/posts\/1801\/revisions\/1806"}],"wp:attachment":[{"href":"https:\/\/www.languagetrainersbrasil.com.br\/blog\/wp-json\/wp\/v2\/media?parent=1801"}],"wp:term":[{"taxonomy":"category","embeddable":true,"href":"https:\/\/www.languagetrainersbrasil.com.br\/blog\/wp-json\/wp\/v2\/categories?post=1801"},{"taxonomy":"post_tag","embeddable":true,"href":"https:\/\/www.languagetrainersbrasil.com.br\/blog\/wp-json\/wp\/v2\/tags?post=1801"}],"curies":[{"name":"wp","href":"https:\/\/api.w.org\/{rel}","templated":true}]}}