{"id":2458,"date":"2015-12-09T08:55:29","date_gmt":"2015-12-09T11:55:29","guid":{"rendered":"http:\/\/www.languagetrainersbrasil.com.br\/blog\/?p=2458"},"modified":"2015-12-09T08:55:29","modified_gmt":"2015-12-09T11:55:29","slug":"el-patron-del-mal-e-narcos-duas-series-para-entender-quem-foi-pablo-escobar","status":"publish","type":"post","link":"https:\/\/www.languagetrainersbrasil.com.br\/blog\/el-patron-del-mal-e-narcos-duas-series-para-entender-quem-foi-pablo-escobar\/","title":{"rendered":"&#8220;El Patr\u00f3n del Mal&#8221; e &#8220;Narcos&#8221;: Duas S\u00e9ries Para Entender Quem Foi Pablo Escobar"},"content":{"rendered":"<p style=\"text-align: justify;\">A Colombia \u00e9 o segundo pa\u00eds mais populoso da Am\u00e9rica do Sul e apesar de muitos anos marcada pela viol\u00eancia, a na\u00e7\u00e3o est\u00e1, aos poucos, entrando no roteiro de turistas do mundo inteiro devido a seus belos lugares e praias paradis\u00edacas. Como resultado desse movimento tur\u00edstico dos \u00faltimos anos, muito tem se falado sobre a situa\u00e7\u00e3o pol\u00edtica do pa\u00eds e a hist\u00f3ria de uma das maiores manchas na bandeira dessa na\u00e7\u00e3o tem sido contada tanto pelos colombianos que viveram os anos 80 quanto aqueles que assistiam as not\u00edcias nos pa\u00edses vizinhos: o nascimento do narcoterrorismo de Pablo Em\u00edlio Escobar Gav\u00edria.<\/p>\n<div id=\"attachment_2459\" style=\"width: 568px\" class=\"wp-caption alignnone\"><a href=\"http:\/\/www.languagetrainersbrasil.com.br\/blog\/wp-content\/uploads\/2015\/12\/a.png\"><img decoding=\"async\" aria-describedby=\"caption-attachment-2459\" class=\"wp-image-2459 size-full\" src=\"http:\/\/www.languagetrainersbrasil.com.br\/blog\/wp-content\/uploads\/2015\/12\/a.png\" alt=\"a\" width=\"558\" height=\"411\" srcset=\"https:\/\/www.languagetrainersbrasil.com.br\/blog\/wp-content\/uploads\/2015\/12\/a.png 558w, https:\/\/www.languagetrainersbrasil.com.br\/blog\/wp-content\/uploads\/2015\/12\/a-300x221.png 300w\" sizes=\"(max-width: 558px) 100vw, 558px\" \/><\/a><p id=\"caption-attachment-2459\" class=\"wp-caption-text\">(Fotografia de rosto (mugshot) de Pablo Escobar em sua primeira pris\u00e3o em 1974)<\/p><\/div>\n<p style=\"text-align: justify;\">Em toda a hist\u00f3ria do narcotr\u00e1fico mundial, Pablo Em\u00edlio Escobar Gav\u00edria foi com certeza o seu maior e mais bem sucedido representante. Conhecido por sua frieza e intimida\u00e7\u00e3o ele se tornou o maior criminoso da Colombia e deu muita dor de cabe\u00e7a para os Estados Unidos &#8211; principal foco para destribui\u00e7\u00e3o do <strong>Cartel de Medell\u00edn<\/strong>. Aplicava a pol\u00edtica de <em>plata o plomo<\/em> (express\u00e3o para &#8220;propina ou bala&#8221;) e teve em m\u00e3os grande parte da Pol\u00edcia Nacional do pa\u00eds, tendo acesso livre a quase todos os estados e tamb\u00e9m rotas para outros pa\u00edses vizinhos. Com 22 anos j\u00e1 era milion\u00e1rio e aos 28 era respons\u00e1vel pela produ\u00e7\u00e3o e exporta\u00e7\u00e3o de 80% da coca\u00edna consumida no mundo todo.<\/p>\n<p style=\"text-align: justify;\">Livros, filmes e s\u00e9ries sobre sua vida foram produzidos no decorrer dos \u00faltimos 20 anos e at\u00e9 mesmo seu filho <strong>Juan Pablo Escobar<\/strong> (que mudou seu nome para <strong>Sebasti\u00e1n Marroqu\u00edn <\/strong>pelo peso que o seu sobrenome lhe trouxe) escreveu um livro sobre as mem\u00f3rias da \u00e9poca em que viveu com seu pai intitulado <em>&#8220;Los Pecados de Mi Papa&#8221;. <\/em>V\u00e1rios outros document\u00e1rios tamb\u00e9m podem ser encontrados pela internet, mas duas s\u00e9ries hoje tomam o topo de audi\u00eancia quando o assunto \u00e9 Pablo Escobar: a obra produzida pelo Netflix <em>&#8220;Narcos&#8221;<\/em> e a telenovela <em>&#8220;El Patr\u00f3n del Mal<\/em>&#8220;:<\/p>\n<h2 style=\"text-align: justify;\">Narcos &#8211; 2015<\/h2>\n<p style=\"text-align: justify;\"><iframe src=\"https:\/\/www.youtube.com\/embed\/U7elNhHwgBU\" width=\"560\" height=\"315\" frameborder=\"0\" allowfullscreen=\"allowfullscreen\"><\/iframe><\/p>\n<p style=\"text-align: justify;\">Com uma primeira temporada de 10 epis\u00f3dios, a produ\u00e7\u00e3o americana de Narcos traz \u00e0s telas nosso ator brasileiro <strong>Wagner Moura <\/strong>como o personagem de Pablo Escobar. Com uma produ\u00e7\u00e3o cinematrogr\u00e1fica de grande qualidade, a s\u00e9rie conta a hist\u00f3ria do narcotraficante colombiano e o\u00a0 crescimento\u00a0 de cart\u00e9is de coca\u00edna pelo mundo, sobre tentativas da pol\u00edcia para combater e deter os confrontos sangrentos de Escobar e o trabalho de um dos agentes da DEA (Steve Murphy) enviado para a Col\u00f4mbia em uma miss\u00e3o para captur\u00e1-lo. A s\u00e9rie segue em duas l\u00ednguas &#8211; espanhol e ingl\u00eas &#8211; e a perspectiva americana paira sobre a obra. Um dos pontos interessantes da produ\u00e7\u00e3o da s\u00e9rie \u00e9 que Wagner Moura estudou espanhol por 6\/9 meses e antes n\u00e3o era fluente na l\u00edngua. Se preparou com dinheiro do pr\u00f3prio bolso meses antes para chegar a atuar o personagem de Pablo que, por ser colombiano, tinha o sotaque espec\u00edfico local.<\/p>\n<h2 style=\"text-align: justify;\">El Patr\u00f3n del Mal &#8211; 2012<\/h2>\n<p style=\"text-align: justify;\"><iframe src=\"https:\/\/www.youtube.com\/embed\/Dtju_66A53g\" width=\"560\" height=\"315\" frameborder=\"0\" allowfullscreen=\"allowfullscreen\"><\/iframe><\/p>\n<p style=\"text-align: justify;\">Produzida e exibida pelo canal colombiano Caracol Televisi\u00f3n, a s\u00e9rie foca a vida de Escobar desde a inf\u00e2ncia at\u00e9 a sua decad\u00eancia e morte. A obra \u00e9\u00a0 embasada na obra de Alonso Salazar &#8220;La Par\u00e1bola de Pablo&#8221; e em material hist\u00f3rico da \u00e9poca &#8211; principalmente notas da impressa local. Com a perspectiva colombiana, durante todo o seriado encontramos desde refer\u00eancias aos locais por onde passou Escobar at\u00e9 datas e participantes de seus crimes. A s\u00e9rie a todo momento demonstra o porqu\u00ea de sua monstruosidade &#8211; sem justificativa &#8211; e foca tamb\u00e9m em seus crimes locais contra grandes nomes da pol\u00edtica colombiana na \u00e9poca: desde candidatos a presid\u00eancia at\u00e9 o pr\u00f3prio procurador de rep\u00fablica. Os que se opunham a sua pol\u00edtica e apoiavam a extradi\u00e7\u00e3o estavam na mira de suas armas. Por ser uma s\u00e9rie colombiana, produzida por colombianos, contada por colombianos \u00e9 uma grande pedida para entender o peso do narcoterrorismo de Escobar em cima dessa na\u00e7\u00e3o.<\/p>\n<p style=\"text-align: justify;\">De ambas as perspectivas &#8211; seja americana ou propriamente colombiana &#8211; Pablo com certeza foi um dos maiores e mais perigosos criminosos da Am\u00e9rica do Sul e sua hist\u00f3ria precisa ser contada e entendida para n\u00e3o nos sucumbirmos uma\u00a0 vez mais ao poder e a corrup\u00e7\u00e3o do narcotr\u00e1fico em nosso continente.<\/p>\n<p style=\"text-align: justify;\">\n<p style=\"text-align: justify;\">Gostou das dicas? Aprender uma l\u00edngua nova n\u00e3o \u00e9 um bicho de sete cabe\u00e7as e o ator Wagner Moura deixou isso bem claro pelos v\u00e1rios elogios que recebeu em sua atua\u00e7\u00e3o na s\u00e9rie Narcos. Que tal fazer um <a href=\"https:\/\/www.languagetrainersbrasil.com.br\/testes-idioma\/testes-nivel.php\" target=\"_blank\">teste de n\u00edvel online<\/a> com a gente e adquirir um novo idioma ou entre diretamente em <a href=\"https:\/\/www.languagetrainersbrasil.com.br\/contato.php\" target=\"_blank\">contato<\/a> com a Language Trainers? <em>Suerte, chicos!<\/em><\/p>\n<h2 style=\"text-align: justify;\"><\/h2>\n","protected":false},"excerpt":{"rendered":"A Colombia \u00e9 o segundo pa\u00eds mais populoso da Am\u00e9rica do Sul e apesar de muitos anos&#8230;","protected":false},"author":4,"featured_media":0,"comment_status":"open","ping_status":"open","sticky":false,"template":"","format":"standard","meta":{"footnotes":""},"categories":[16],"tags":[462],"class_list":["post-2458","post","type-post","status-publish","format-standard","hentry","category-tv-filmes","tag-httpswww-languagetrainersbrasil-com-brcontato-php"],"_links":{"self":[{"href":"https:\/\/www.languagetrainersbrasil.com.br\/blog\/wp-json\/wp\/v2\/posts\/2458"}],"collection":[{"href":"https:\/\/www.languagetrainersbrasil.com.br\/blog\/wp-json\/wp\/v2\/posts"}],"about":[{"href":"https:\/\/www.languagetrainersbrasil.com.br\/blog\/wp-json\/wp\/v2\/types\/post"}],"author":[{"embeddable":true,"href":"https:\/\/www.languagetrainersbrasil.com.br\/blog\/wp-json\/wp\/v2\/users\/4"}],"replies":[{"embeddable":true,"href":"https:\/\/www.languagetrainersbrasil.com.br\/blog\/wp-json\/wp\/v2\/comments?post=2458"}],"version-history":[{"count":1,"href":"https:\/\/www.languagetrainersbrasil.com.br\/blog\/wp-json\/wp\/v2\/posts\/2458\/revisions"}],"predecessor-version":[{"id":2460,"href":"https:\/\/www.languagetrainersbrasil.com.br\/blog\/wp-json\/wp\/v2\/posts\/2458\/revisions\/2460"}],"wp:attachment":[{"href":"https:\/\/www.languagetrainersbrasil.com.br\/blog\/wp-json\/wp\/v2\/media?parent=2458"}],"wp:term":[{"taxonomy":"category","embeddable":true,"href":"https:\/\/www.languagetrainersbrasil.com.br\/blog\/wp-json\/wp\/v2\/categories?post=2458"},{"taxonomy":"post_tag","embeddable":true,"href":"https:\/\/www.languagetrainersbrasil.com.br\/blog\/wp-json\/wp\/v2\/tags?post=2458"}],"curies":[{"name":"wp","href":"https:\/\/api.w.org\/{rel}","templated":true}]}}