{"id":280,"date":"2012-10-19T08:50:30","date_gmt":"2012-10-19T11:50:30","guid":{"rendered":"http:\/\/www.languagetrainersbrasil.com.br\/blog\/?p=280"},"modified":"2014-04-15T13:53:01","modified_gmt":"2014-04-15T16:53:01","slug":"a-duracao-suprema-do-voto-parte-2","status":"publish","type":"post","link":"https:\/\/www.languagetrainersbrasil.com.br\/blog\/a-duracao-suprema-do-voto-parte-2\/","title":{"rendered":"A dura\u00e7\u00e3o suprema do voto &#8211; Parte 2"},"content":{"rendered":"<p align=\"justify\"><a href=\"http:\/\/www.languagetrainersbrasil.com.br\/blog\/wp-content\/uploads\/2013\/07\/img_logo_br.jpg\"><img decoding=\"async\" class=\"alignnone size-full wp-image-1454\" alt=\"img_logo_br\" src=\"http:\/\/www.languagetrainersbrasil.com.br\/blog\/wp-content\/uploads\/2013\/07\/img_logo_br.jpg\" width=\"286\" height=\"135\" \/><\/a><\/p>\n<p align=\"justify\">O mais impressionante, para mim, \u00e9 que muitos desses votos de duas ou tr\u00eas horas est\u00e3o alinhados com o voto do Redator (que escreveu o relat\u00f3rio final, lido por todos previamente, e foi o primeiro a votar). Parece-me muito improv\u00e1vel, que com todos esses pontos em comum (com o voto do Redator \u2013 que j\u00e1 foi ouvido por todos \u2013 e com o Processo Escrito \u2013 que j\u00e1 foi lido por todos os votantes) reste ainda duas ou tr\u00eas horas de considera\u00e7\u00f5es a serem feitas. \u00c9 muito improv\u00e1vel que nenhum dos argumentos tenha sido contemplado ou apresentado em um dos votos anteriores. Por mais complexo que seja um fato, me recuso a acreditar que haja tanto a ser argumentado, questionado e considerado a respeito dele (lembre-se s\u00e3o cerca de tr\u00eas, quatro horas para cada voto de cada ministro a respeito de cada acusa\u00e7\u00e3o!).<\/p>\n<p>&nbsp;<\/p>\n<p align=\"justify\">Pode-se argumentar, \u00e9 claro, que os debates s\u00e3o ben\u00e9ficos para um caso como esse. Que, assim como todo o pa\u00eds esteve e est\u00e1 fazendo, o Supremo Tribunal Federal deve discutir todos os detalhes desse caso. N\u00e3o acredito, contudo, que votos t\u00e3o longos sejam ben\u00e9ficos ao debate. Para mim, possuem o mesmo efeito daquelas perguntas longu\u00edssimas que sempre s\u00e3o feitas ao final de toda palestra ou exposi\u00e7\u00e3o: quando se chega ao fim do coment\u00e1rio, o palestrante j\u00e1 se esqueceu sobre o que tratava a pergunta. Al\u00e9m disso, n\u00e3o parece que os ministros estejam realmente dispostos a debater. N\u00e3o consigo evitar a impress\u00e3o de que tais votos longu\u00edssimos pouco ou nada t\u00eam a ver com debate, e sim, com uma demonstra\u00e7\u00e3o (uma verdadeira <i>virtuose<\/i>) de \u201cimenso e not\u00f3rio saber jur\u00eddico\u201d.<\/p>\n<p>&nbsp;<\/p>\n<p align=\"justify\">O pior \u00e9 que al\u00e9m de tais falas longu\u00edssimas n\u00e3o contribu\u00edrem com o debate na corte, tamb\u00e9m n\u00e3o contribuem com o debate na sociedade. Afinal, a grande maioria das pessoas acaba impossibilitada ou desmotivada a acompanhar os votos em sua fonte original, ficando, portanto, dependente do relato de terceiros. Relatos esses que, assim como aqueles que o fazem, \u00e0s vezes tendem mais ao lado <b>Fla<\/b>, \u00e0s vezes mais ao lado do <b>Flu<\/b>&#8230;<\/p>\n<p>&nbsp;<\/p>\n","protected":false},"excerpt":{"rendered":"O mais impressionante, para mim, \u00e9 que muitos desses votos de duas ou tr\u00eas horas est\u00e3o alinhados&#8230;","protected":false},"author":1,"featured_media":0,"comment_status":"open","ping_status":"open","sticky":false,"template":"","format":"standard","meta":{"footnotes":""},"categories":[38],"tags":[],"class_list":["post-280","post","type-post","status-publish","format-standard","hentry","category-politica"],"_links":{"self":[{"href":"https:\/\/www.languagetrainersbrasil.com.br\/blog\/wp-json\/wp\/v2\/posts\/280"}],"collection":[{"href":"https:\/\/www.languagetrainersbrasil.com.br\/blog\/wp-json\/wp\/v2\/posts"}],"about":[{"href":"https:\/\/www.languagetrainersbrasil.com.br\/blog\/wp-json\/wp\/v2\/types\/post"}],"author":[{"embeddable":true,"href":"https:\/\/www.languagetrainersbrasil.com.br\/blog\/wp-json\/wp\/v2\/users\/1"}],"replies":[{"embeddable":true,"href":"https:\/\/www.languagetrainersbrasil.com.br\/blog\/wp-json\/wp\/v2\/comments?post=280"}],"version-history":[{"count":5,"href":"https:\/\/www.languagetrainersbrasil.com.br\/blog\/wp-json\/wp\/v2\/posts\/280\/revisions"}],"predecessor-version":[{"id":1550,"href":"https:\/\/www.languagetrainersbrasil.com.br\/blog\/wp-json\/wp\/v2\/posts\/280\/revisions\/1550"}],"wp:attachment":[{"href":"https:\/\/www.languagetrainersbrasil.com.br\/blog\/wp-json\/wp\/v2\/media?parent=280"}],"wp:term":[{"taxonomy":"category","embeddable":true,"href":"https:\/\/www.languagetrainersbrasil.com.br\/blog\/wp-json\/wp\/v2\/categories?post=280"},{"taxonomy":"post_tag","embeddable":true,"href":"https:\/\/www.languagetrainersbrasil.com.br\/blog\/wp-json\/wp\/v2\/tags?post=280"}],"curies":[{"name":"wp","href":"https:\/\/api.w.org\/{rel}","templated":true}]}}