{"id":2864,"date":"2017-05-16T11:49:58","date_gmt":"2017-05-16T14:49:58","guid":{"rendered":"https:\/\/www.languagetrainersbrasil.com.br\/blog\/?p=2864"},"modified":"2017-05-16T11:49:58","modified_gmt":"2017-05-16T14:49:58","slug":"dia-das-maes-ao-redor-do-mundo","status":"publish","type":"post","link":"https:\/\/www.languagetrainersbrasil.com.br\/blog\/dia-das-maes-ao-redor-do-mundo\/","title":{"rendered":"Dia das m\u00e3es ao redor do mundo!"},"content":{"rendered":"<p style=\"text-align: justify;\"><span style=\"font-weight: 400;\">No \u00faltimo domingo, as redes sociais foram invadidas por mensagens carinhosas de filhos para suas respectivas m\u00e3es. \u00c9 que aqui no nosso pa\u00eds (e na maioria dos pa\u00edses ocidentais), o dia das m\u00e3es \u00e9 comemorado no segundo domingo de maio. Por\u00e9m, como o nosso mundo \u00e9 enorme e cada cultura celebra datas comemorativas de formas diferentes, ent\u00e3o decidimos contar para voc\u00eas quando e como cada pa\u00eds comemora esta data t\u00e3o emotiva que \u00e9 o dia das m\u00e3es!<br \/>\n<a href=\"https:\/\/www.languagetrainersbrasil.com.br\/blog\/wp-content\/uploads\/2017\/05\/Dia-das-ma\u0303es-ao-redor-do-mundo.jpg\" rel=\"attachment wp-att-2870\"><img decoding=\"async\" width=\"1007\" height=\"763\" class=\"alignnone size-full wp-image-2870\" src=\"https:\/\/www.languagetrainersbrasil.com.br\/blog\/wp-content\/uploads\/2017\/05\/Dia-das-ma\u0303es-ao-redor-do-mundo.jpg\" alt=\"Dia das ma\u0303es ao redor do mundo!\" srcset=\"https:\/\/www.languagetrainersbrasil.com.br\/blog\/wp-content\/uploads\/2017\/05\/Dia-das-ma\u0303es-ao-redor-do-mundo.jpg 1007w, https:\/\/www.languagetrainersbrasil.com.br\/blog\/wp-content\/uploads\/2017\/05\/Dia-das-ma\u0303es-ao-redor-do-mundo-250x189.jpg 250w, https:\/\/www.languagetrainersbrasil.com.br\/blog\/wp-content\/uploads\/2017\/05\/Dia-das-ma\u0303es-ao-redor-do-mundo-768x582.jpg 768w, https:\/\/www.languagetrainersbrasil.com.br\/blog\/wp-content\/uploads\/2017\/05\/Dia-das-ma\u0303es-ao-redor-do-mundo-700x530.jpg 700w, https:\/\/www.languagetrainersbrasil.com.br\/blog\/wp-content\/uploads\/2017\/05\/Dia-das-ma\u0303es-ao-redor-do-mundo-120x91.jpg 120w\" sizes=\"(max-width: 1007px) 100vw, 1007px\" \/><\/a><\/span><span style=\"font-weight: 400;\"><br \/>\n<\/span><span style=\"font-weight: 400;\"><br \/>\n<\/span><strong>Fran\u00e7a<\/strong><span style=\"font-weight: 400;\"><br \/>\n<\/span><span style=\"font-weight: 400;\">Os franceses comemoram o dia das m\u00e3es no \u00faltimo domingo de maio. O feriado foi decretado oficialmente no dia 24 de maio de 1950 com o intuito de homenagear mulheres que perderam seus filhos na Segunda Guerra Mundial. Foi tamb\u00e9m no s\u00e9culo XX que as mulheres receberam pr\u00eamios do governo por conta das baixas taxas de natalidade. Em alguns anos este dia pode coincidir com o dia de Pentecostes, neste caso, o dia das m\u00e3es \u00e9 adiado para o primeiro domingo de junho.<\/span><\/p>\n<p style=\"text-align: justify;\"><strong>Indon\u00e9sia<\/strong><br \/>\n<span style=\"font-weight: 400;\">O dia das m\u00e3es na Indon\u00e9sia \u00e9 no final do ano, mais especificamente no dia 22 de dezembro, que \u00e9 o anivers\u00e1rio da abertura do Primeiro Congresso Feminino Indon\u00e9sio. O objetivo do Congresso era melhorar as condi\u00e7\u00f5es para as mulheres no pa\u00eds.<\/span><\/p>\n<p style=\"text-align: justify;\"><strong>Panam\u00e1<\/strong><br \/>\n<span style=\"font-weight: 400;\">A data escolhida para ser comemorado o feriado das m\u00e3es no Panam\u00e1 \u00e9 o dia 8 de dezembro. Tudo remete \u00e0 imagem da m\u00e3e de Jesus e sua concep\u00e7\u00e3o pelo Esp\u00edrito Santo. A data veio de uma sugest\u00e3o feita em 1930 pela esposa do ent\u00e3o presidente do pa\u00eds, Florencio Harmodio Arosemena.<\/span><\/p>\n<p style=\"text-align: justify;\"><strong>Ir\u00e3<\/strong><br \/>\n<span style=\"font-weight: 400;\">No Ir\u00e3, o feriado das m\u00e3es tem tudo a ver com religi\u00e3o. A data segue o calend\u00e1rio lunar do ano isl\u00e2mico, e cai no dia 20 do sexto m\u00eas do ano. Tal dia era anivers\u00e1rio de Fatimah, filha do profeta Maom\u00e9, e a data \u00e9 usada para promover os costumes tradicionais da fam\u00edlia.<\/span><span style=\"font-weight: 400;\"><br \/>\n<\/span><span style=\"font-weight: 400;\"><br \/>\n<\/span><span style=\"font-weight: 400;\"><strong>Eti\u00f3pia<\/strong><br \/>\n<\/span><span style=\"font-weight: 400;\">Na Eti\u00f3pia, a data \u00e9 comemorada entre os meses de outubro e novembro, no fim da esta\u00e7\u00e3o chuvosa. A celebra\u00e7\u00e3o tem a dura\u00e7\u00e3o de dois a tr\u00eas dias. Dentre os rituais de comemora\u00e7\u00e3o, est\u00e3o decora\u00e7\u00e3o nas casas, uma refei\u00e7\u00e3o e em seguida as m\u00e3es e filhas fazem uma dan\u00e7a para homenagear \u00e0s fam\u00edlias.<\/span><\/p>\n<div id=\"attachment_2867\" style=\"width: 766px\" class=\"wp-caption alignnone\"><a href=\"https:\/\/www.languagetrainersbrasil.com.br\/blog\/wp-content\/uploads\/2017\/05\/Mother_and_Son_Wollaita_Tribe_Ethiopia_15201620846.jpg\" target=\"_blank\" rel=\"attachment wp-att-2867\"><img decoding=\"async\" aria-describedby=\"caption-attachment-2867\" class=\"wp-image-2867 \" src=\"https:\/\/www.languagetrainersbrasil.com.br\/blog\/wp-content\/uploads\/2017\/05\/Mother_and_Son_Wollaita_Tribe_Ethiopia_15201620846.jpg\" alt=\"Mother_and_Son,_Wollaita_Tribe,_Ethiopia_(15201620846)\" width=\"756\" height=\"883\" srcset=\"https:\/\/www.languagetrainersbrasil.com.br\/blog\/wp-content\/uploads\/2017\/05\/Mother_and_Son_Wollaita_Tribe_Ethiopia_15201620846.jpg 513w, https:\/\/www.languagetrainersbrasil.com.br\/blog\/wp-content\/uploads\/2017\/05\/Mother_and_Son_Wollaita_Tribe_Ethiopia_15201620846-250x292.jpg 250w, https:\/\/www.languagetrainersbrasil.com.br\/blog\/wp-content\/uploads\/2017\/05\/Mother_and_Son_Wollaita_Tribe_Ethiopia_15201620846-120x140.jpg 120w\" sizes=\"(max-width: 756px) 100vw, 756px\" \/><\/a><p id=\"caption-attachment-2867\" class=\"wp-caption-text\">Dia das M\u00e3es na Eti\u00f3pia.\/ Foto via <a href=\"https:\/\/commons.wikimedia.org\/wiki\/File:Mother_and_Son,_Wollaita_Tribe,_Ethiopia_(15201620846).jpg\" target=\"_blank\">Wikimedia<\/a><\/p><\/div>\n<p style=\"text-align: justify;\"><strong>Reino Unido<\/strong><br \/>\n<span style=\"font-weight: 400;\">O dia das m\u00e3es no Reino Unido \u00e9 comemorado no quarto domingo da Quaresma. A inten\u00e7\u00e3o inicial era a de que &#8220;bons crist\u00e3os&#8221; deveriam fazer um retorno \u00e0 sua &#8220;igreja-m\u00e3e&#8221; todos os anos. Era considerada uma viagem para visitar a entidade que lhes concedeu a vida. <\/span><\/p>\n<p style=\"text-align: justify;\">Vale lembrar que assim como no Brasil, em mais de 80 pa\u00edses esta data \u00e9 celebrada no segundo domingo de maio. Existem mais de 20 pa\u00edses que comemoram o dia das m\u00e3es em 8 de mar\u00e7o &#8211; que \u00e9 o dia internacional da mulher. J\u00e1 no Oriente M\u00e9dio, existem diversos pa\u00edses que celebram este feriado no in\u00edcio do outono no hemisf\u00e9rio sul.<\/p>\n<p style=\"text-align: justify;\"><span style=\"font-weight: 400;\">Com tantas diferen\u00e7as, s\u00f3 nos resta apreciar este data com as mulheres que nos deram a vida! Esperamos que o seu dia das m\u00e3es tenha sido incr\u00edvel! Seria incr\u00edvel visitar os pa\u00edses listados acima neste feriado e ver como as tradi\u00e7\u00f5es acontecem, n\u00e3o \u00e9 verdade? Mas para isso, \u00e9 essencial saber falar pelo menos um segundo idioma. Falou em idioma, a <a href=\"https:\/\/www.languagetrainersbrasil.com.br\/\" target=\"_blank\">Language Trainers Brasil<\/a> est\u00e1 aqui para te ajudar com um aprendizado r\u00e1pido, de qualidade e divertido. Fa\u00e7a um <a href=\"https:\/\/www.languagetrainersbrasil.com.br\/testes-nivel.php\" target=\"_blank\">teste de n\u00edvel<\/a> online e GRATUITO com a gente e d\u00ea o primeiro passo para se tornar um poliglota!<\/span><\/p>\n","protected":false},"excerpt":{"rendered":"No \u00faltimo domingo, as redes sociais foram invadidas por mensagens carinhosas de filhos para suas respectivas m\u00e3es&#8230;.","protected":false},"author":10,"featured_media":2872,"comment_status":"open","ping_status":"open","sticky":false,"template":"","format":"standard","meta":{"footnotes":""},"categories":[40,9,548,10],"tags":[140,413,562,578,540],"class_list":["post-2864","post","type-post","status-publish","format-standard","has-post-thumbnail","hentry","category-cultura","category-familia","category-mulheres","category-paises","tag-cultura-2","tag-familia","tag-feriado","tag-maes","tag-paises"],"_links":{"self":[{"href":"https:\/\/www.languagetrainersbrasil.com.br\/blog\/wp-json\/wp\/v2\/posts\/2864"}],"collection":[{"href":"https:\/\/www.languagetrainersbrasil.com.br\/blog\/wp-json\/wp\/v2\/posts"}],"about":[{"href":"https:\/\/www.languagetrainersbrasil.com.br\/blog\/wp-json\/wp\/v2\/types\/post"}],"author":[{"embeddable":true,"href":"https:\/\/www.languagetrainersbrasil.com.br\/blog\/wp-json\/wp\/v2\/users\/10"}],"replies":[{"embeddable":true,"href":"https:\/\/www.languagetrainersbrasil.com.br\/blog\/wp-json\/wp\/v2\/comments?post=2864"}],"version-history":[{"count":6,"href":"https:\/\/www.languagetrainersbrasil.com.br\/blog\/wp-json\/wp\/v2\/posts\/2864\/revisions"}],"predecessor-version":[{"id":2873,"href":"https:\/\/www.languagetrainersbrasil.com.br\/blog\/wp-json\/wp\/v2\/posts\/2864\/revisions\/2873"}],"wp:featuredmedia":[{"embeddable":true,"href":"https:\/\/www.languagetrainersbrasil.com.br\/blog\/wp-json\/wp\/v2\/media\/2872"}],"wp:attachment":[{"href":"https:\/\/www.languagetrainersbrasil.com.br\/blog\/wp-json\/wp\/v2\/media?parent=2864"}],"wp:term":[{"taxonomy":"category","embeddable":true,"href":"https:\/\/www.languagetrainersbrasil.com.br\/blog\/wp-json\/wp\/v2\/categories?post=2864"},{"taxonomy":"post_tag","embeddable":true,"href":"https:\/\/www.languagetrainersbrasil.com.br\/blog\/wp-json\/wp\/v2\/tags?post=2864"}],"curies":[{"name":"wp","href":"https:\/\/api.w.org\/{rel}","templated":true}]}}