{"id":317,"date":"2012-12-27T22:33:35","date_gmt":"2012-12-28T01:33:35","guid":{"rendered":"http:\/\/www.languagetrainersbrasil.com.br\/blog\/?p=317"},"modified":"2014-04-15T13:15:48","modified_gmt":"2014-04-15T16:15:48","slug":"e-o-tal-do-mundo-nao-se-acabou","status":"publish","type":"post","link":"https:\/\/www.languagetrainersbrasil.com.br\/blog\/e-o-tal-do-mundo-nao-se-acabou\/","title":{"rendered":"E o tal do mundo n\u00e3o se acabou&#8230;"},"content":{"rendered":"<p align=\"justify\"><a href=\"http:\/\/www.languagetrainersbrasil.com.br\/blog\/wp-content\/uploads\/2013\/07\/img_logo_br.jpg\"><img decoding=\"async\" class=\"alignnone size-full wp-image-1454\" alt=\"img_logo_br\" src=\"http:\/\/www.languagetrainersbrasil.com.br\/blog\/wp-content\/uploads\/2013\/07\/img_logo_br.jpg\" width=\"286\" height=\"135\" \/><\/a><\/p>\n<p align=\"justify\">Na \u00faltima sexta-feira (dia 21 de dezembro de 2012) comemorou-se o fim do mundo. Bom, na verdade n\u00e3o se comemorou nada no dia 21 de dezembro, muito embora a data tenha sido amplamente divulgada e comentada na imprensa e nas redes sociais. E, muito embora, tamb\u00e9m, eu e alguns amigos tenhamos feito um churrasco de celebra\u00e7\u00e3o. O churrasco foi a forma escolhida de celebra\u00e7\u00e3o, devido ao mito de que como o mundo j\u00e1 acabara em \u00e1gua uma vez (dil\u00favio), da pr\u00f3xima vez, acabaria em fogo (ou, em uma \u201cvers\u00e3o cient\u00edfica\u201d do mesmo, em um meteoro).<\/p>\n<p>&nbsp;<\/p>\n<p align=\"justify\">Toda essa hist\u00f3ria do fim do mundo come\u00e7ou com a informa\u00e7\u00e3o de que \u00faltimo dia do calend\u00e1rio criado pelos maias seria o dia equivalente \u00e0 sexta-feira, dia 21 de dezembro de 2012. A partir da\u00ed, a \u201ccentral mundial de boatos\u201d conclui que os Maias haviam \u201cterminado\u201d seu calend\u00e1rio nesse dia porque esse seria o \u00faltimo dia do mundo. \u00c9 claro que, na verdade, a coisa n\u00e3o era bem assim. Os maias nem possu\u00edam o conceito de fim do mundo, Apocalipse ou Armagedom. Seu calend\u00e1rio era composto por ciclos. Cada ciclo com 5200 anos. Logo, 21 de dezembro de 2012 era apenas o fim de mais um ciclo. Uma data que para eles, significava sim destrui\u00e7\u00e3o, mas a destrui\u00e7\u00e3o do velho para dar lugar ao novo, para que a renova\u00e7\u00e3o fosse permitida, e n\u00e3o o fim de todas as coisas. Afinal, se fossem mesmo dotados de poderes divinat\u00f3rios, n\u00e3o seria mais produtivo para eles mesmos ter previsto a crise e a consequente decad\u00eancia de sua avan\u00e7ada civiliza\u00e7\u00e3o?<\/p>\n<p>&nbsp;<\/p>\n<p align=\"justify\">Os Maias habitaram diversas regi\u00f5es que hoje fazem parte de pa\u00edses como Honduras, Guatemala, El Salvador e M\u00e9xico. Ru\u00ednas bem conservadas e com f\u00e1cil acesso podem ser encontradas na pen\u00ednsula de Yucat\u00e1n. A maioria delas conta com ecoturismo ou turismo cultural, muitos desses passeios s\u00e3o organizados sob a supervis\u00e3o de arque\u00f3logos ou por descendentes do pr\u00f3prio povo maia. Al\u00e9m disso, essa regi\u00e3o conta com as belas praias de Canc\u00fan e da Riviera Maia. Ou seja, as belas praias e comodidades caribenhas unidas a mist\u00e9rios arqueol\u00f3gicos e da selva tropical. Para melhor aproveitar tal visita, que tal aprimorar o espanhol por meio de <a href=\"http:\/\/www.languagetrainersbrasil.com.br\/espanhol-cursos-sao-paulo.php\">Aulas de espanhol em S\u00e3o Paulo<\/a> ou em outras cidades?<\/p>\n<p>&nbsp;<\/p>\n<p align=\"justify\">Os maias, provavelmente, formaram a mais avan\u00e7ada civiliza\u00e7\u00e3o pr\u00e9-colombiana (existente antes da descoberta da Am\u00e9rica pelos Europeus, logo, antes da chegada de Colombo). Os maias possu\u00edam uma escrita que era capaz de representar na totalidade a l\u00edngua falada (ou seja, possu\u00edam uma escrita t\u00e3o abrangente e eficiente quanto a nossa), desenvolveram uma arquitetura avan\u00e7ada (respons\u00e1vel pela constru\u00e7\u00e3o de belas e grandiosas pir\u00e2mides) e possu\u00edam o conceito do zero muito antes do velho continente. Foi justamente esse conceito de zero que permitiu o r\u00e1pido desenvolvimento da matem\u00e1tica e de sua aplica\u00e7\u00e3o na astronomia, astrologia e na religi\u00e3o (essas tr\u00eas \u00e1reas do saber se misturavam na cultura maia). Foi justamente essa precis\u00e3o matem\u00e1tica, juntamente com a liga\u00e7\u00e3o da religi\u00e3o com os astros, que levou os maias a preverem com tamanha precis\u00e3o o movimento dos astros e a darem tanta import\u00e2ncia a seus calend\u00e1rios \u2013 que eram muito mais precisos do que o calend\u00e1rio gregoriano seguido pelos europeus (os mais possu\u00edam dois calend\u00e1rios: um terrestre e um celeste). Com base nessa import\u00e2ncia, precis\u00e3o e \u201cfama\u201d dos maias como bons construtores de calend\u00e1rios (e, \u00e9 claro, em uma m\u00e1 interpreta\u00e7\u00e3o), nasceu a lenda urbana do fim do mundo na \u00faltima sexta feira (21 de dezembro de 2012).<\/p>\n<p>&nbsp;<\/p>\n<p align=\"justify\">O post j\u00e1 est\u00e1 grande, ent\u00e3o, ficamos por aqui. Ainda nessa semana, continuaremos a falar dos maias e de seu fim e, tamb\u00e9m, do fim do mundo.<\/p>\n<p>&nbsp;<\/p>\n","protected":false},"excerpt":{"rendered":"Na \u00faltima sexta-feira (dia 21 de dezembro de 2012) comemorou-se o fim do mundo. Bom, na verdade&#8230;","protected":false},"author":1,"featured_media":0,"comment_status":"open","ping_status":"open","sticky":false,"template":"","format":"standard","meta":{"footnotes":""},"categories":[20],"tags":[],"class_list":["post-317","post","type-post","status-publish","format-standard","hentry","category-historia"],"_links":{"self":[{"href":"https:\/\/www.languagetrainersbrasil.com.br\/blog\/wp-json\/wp\/v2\/posts\/317"}],"collection":[{"href":"https:\/\/www.languagetrainersbrasil.com.br\/blog\/wp-json\/wp\/v2\/posts"}],"about":[{"href":"https:\/\/www.languagetrainersbrasil.com.br\/blog\/wp-json\/wp\/v2\/types\/post"}],"author":[{"embeddable":true,"href":"https:\/\/www.languagetrainersbrasil.com.br\/blog\/wp-json\/wp\/v2\/users\/1"}],"replies":[{"embeddable":true,"href":"https:\/\/www.languagetrainersbrasil.com.br\/blog\/wp-json\/wp\/v2\/comments?post=317"}],"version-history":[{"count":5,"href":"https:\/\/www.languagetrainersbrasil.com.br\/blog\/wp-json\/wp\/v2\/posts\/317\/revisions"}],"predecessor-version":[{"id":1529,"href":"https:\/\/www.languagetrainersbrasil.com.br\/blog\/wp-json\/wp\/v2\/posts\/317\/revisions\/1529"}],"wp:attachment":[{"href":"https:\/\/www.languagetrainersbrasil.com.br\/blog\/wp-json\/wp\/v2\/media?parent=317"}],"wp:term":[{"taxonomy":"category","embeddable":true,"href":"https:\/\/www.languagetrainersbrasil.com.br\/blog\/wp-json\/wp\/v2\/categories?post=317"},{"taxonomy":"post_tag","embeddable":true,"href":"https:\/\/www.languagetrainersbrasil.com.br\/blog\/wp-json\/wp\/v2\/tags?post=317"}],"curies":[{"name":"wp","href":"https:\/\/api.w.org\/{rel}","templated":true}]}}