{"id":4541,"date":"2021-12-22T08:59:41","date_gmt":"2021-12-22T11:59:41","guid":{"rendered":"https:\/\/www.languagetrainersbrasil.com.br\/blog\/?p=4541"},"modified":"2022-01-24T07:19:09","modified_gmt":"2022-01-24T10:19:09","slug":"a-historia-do-natal","status":"publish","type":"post","link":"https:\/\/www.languagetrainersbrasil.com.br\/blog\/a-historia-do-natal\/","title":{"rendered":"A Hist\u00f3ria do Natal"},"content":{"rendered":"<h4>O Natal \u00e9 considerado uma festa popular comemorada em 25 de Dezembro ao redor do mundo, por crist\u00e3os e pag\u00e3os. Mas qual \u00e9 exatamente a hist\u00f3ria do Natal?<\/h4>\n<p>Apesar do Natal ter sua hist\u00f3ria relacionada com diversas outras celebra\u00e7\u00f5es pag\u00e3s, hoje em dia esse \u00e9 um dos eventos mais importantes para os seguidores de Jesus Cristo e crist\u00e3os.<\/p>\n<h3>Nem sempre foi Natal<\/h3>\n<p>Inicialmente, A igreja cat\u00f3lica n\u00e3o celebrava o Natal. Apesar de celebrar o nascimento de Cristo. Foi no s\u00e9culo IV que o Papa J\u00falio I fixou a data de 25 de Dezembro como o dia oficial do nascimento de Jesus Cristo.<\/p>\n<p>Note que esta data \u00e9 a mesma da Saturn\u00e1lia dos romanos, e do Solst\u00edcio de Inverno festejado pelos povos germ\u00e2nicos e celtas, ou seja, n\u00e3o foi nenhuma coincid\u00eancia.<\/p>\n<p>Aprtir dai, a Igreja Cat\u00f3lica p\u00f4de cristianizar esta data, tornando-a como o dia em que se celebra o nascimento de Cristo.<\/p>\n<p>Entretanto, alguns pa\u00edses continuavam a celebrar o nascimento no dia 6 de Janeiro, o dia dos tr\u00eas Reis Magos.<\/p>\n<div id=\"attachment_4542\" style=\"width: 665px\" class=\"wp-caption alignnone\"><a href=\"https:\/\/www.languagetrainersbrasil.com.br\/blog\/wp-content\/uploads\/2021\/12\/saturnalia_c.jpg\"><img decoding=\"async\" aria-describedby=\"caption-attachment-4542\" class=\"wp-image-4542 size-full\" src=\"https:\/\/www.languagetrainersbrasil.com.br\/blog\/wp-content\/uploads\/2021\/12\/saturnalia_c.jpg\" alt=\"Saturn\u00e1lia\" width=\"655\" height=\"368\" srcset=\"https:\/\/www.languagetrainersbrasil.com.br\/blog\/wp-content\/uploads\/2021\/12\/saturnalia_c.jpg 655w, https:\/\/www.languagetrainersbrasil.com.br\/blog\/wp-content\/uploads\/2021\/12\/saturnalia_c-250x140.jpg 250w, https:\/\/www.languagetrainersbrasil.com.br\/blog\/wp-content\/uploads\/2021\/12\/saturnalia_c-120x67.jpg 120w\" sizes=\"(max-width: 655px) 100vw, 655px\" \/><\/a><p id=\"caption-attachment-4542\" class=\"wp-caption-text\">Quadro Saturn\u00e1lia (1899), de Ernesto Biondi. O obra representa a festa pag\u00e3 romana, em que Saturno era cultuado.<\/p><\/div>\n<h3>A Hist\u00f3ria do Natal Crist\u00e3o em Roma<\/h3>\n<p>Antes da cria\u00e7\u00e3o do Natal, a Igreja celebrava apenas a morte e a ressurrei\u00e7\u00e3o de Cristo, mais respectivamente a sexta-feira Santa e a P\u00e1scoa.<\/p>\n<p>Por\u00e9m, a Igreja preocupava-se muito com a grande popularidade das celebra\u00e7\u00f5es pag\u00e3s e decidiu competir com as mesmas criando um dia para o nascimento de Jesus Cristo.<\/p>\n<p>Foi assim que surgiu a data comemorada no dia 25 de Dezembro pelos crist\u00e3os, quando se comemorava a chegada do Deus Mitra, o deus da Luz.<\/p>\n<p>Ap\u00f3s o dia 25 de Dezembro os dias ficam mais longos e possuem mais luz, era dessa forma uma das celebra\u00e7\u00f5es, a do solst\u00edcio de inverno, a celebra\u00e7\u00e3o do dia 25 de Dezembro por alguns pag\u00e3os.<\/p>\n<p>Inclusive, as celebra\u00e7\u00f5es pag\u00e3s eram t\u00e3o importantes que muitas das tradi\u00e7\u00f5es do natal foram &#8220;importadas&#8221; delas.<\/p>\n<h3>A \u00c1rvore de Natal<\/h3>\n<p>Os Romanos j\u00e1 enfeitavem os pinheiros com adornos e luzes durante a celebra\u00e7\u00e3o da Saturn\u00e1lia, para o deus Saturno, deus da agricultura, os eg\u00edpcios enfeitavam a casa com galhos verdes no Solst\u00edcio, e os druidas decoravam carvalhos.<\/p>\n<p>A primeira refer\u00eancia a uma \u00c1rvore de Natal como conhecemos hoje, remonta a 1510 nos pa\u00edses B\u00e1lticos e \u00e9 atribuida a Lutero, autor da reforma protestante.<\/p>\n<p>Dizem que Lutero teria trazido um pinheiro decorado com velas e uma estrela no topo da \u00e1rvore simbolizando o c\u00e9u estrelado no dia do nascimento de Jesus.<\/p>\n<div id=\"attachment_4544\" style=\"width: 620px\" class=\"wp-caption aligncenter\"><a href=\"https:\/\/www.languagetrainersbrasil.com.br\/blog\/wp-content\/uploads\/2021\/12\/23173313753763.jpg\"><img decoding=\"async\" aria-describedby=\"caption-attachment-4544\" class=\"wp-image-4544 size-full\" title=\"Imagem de 1860 ilustra como teria sido o evento da primeira \u00e1rvore de Natal levada para casa por Lutero\" src=\"https:\/\/www.languagetrainersbrasil.com.br\/blog\/wp-content\/uploads\/2021\/12\/23173313753763.jpg\" alt=\"Imagem de 1860 ilustra como teria sido o evento da primeira \u00e1rvore de Natal levada para casa por Lutero\" width=\"610\" height=\"441\" srcset=\"https:\/\/www.languagetrainersbrasil.com.br\/blog\/wp-content\/uploads\/2021\/12\/23173313753763.jpg 610w, https:\/\/www.languagetrainersbrasil.com.br\/blog\/wp-content\/uploads\/2021\/12\/23173313753763-250x181.jpg 250w, https:\/\/www.languagetrainersbrasil.com.br\/blog\/wp-content\/uploads\/2021\/12\/23173313753763-120x87.jpg 120w\" sizes=\"(max-width: 610px) 100vw, 610px\" \/><\/a><p id=\"caption-attachment-4544\" class=\"wp-caption-text\">Imagem de 1860 ilustra como teria sido o evento da primeira \u00e1rvore de Natal levada para casa por Lutero<\/p><\/div>\n<p>H\u00e1 tamb\u00e9m registros de 1500 na Alemanha, que mostram uma \u00e1rvore sendo levada pelas ruas com um homem montado num cavalo atr\u00e1s dela. O homem est\u00e1 vestido como um bispo, possivelmente representando S\u00e3o Nicolau.<\/p>\n<p>A verdade \u00e9 que, n\u00e3o se sabe ao certo de onde vem exatamente a tradi\u00e7\u00e3o de enfeitar pinheiros com luzes e decora\u00e7\u00f5es, existem muitas refer\u00eancias e teorias que datam de muitos anos atr\u00e1s.<\/p>\n<p>Sabe-se que at\u00e9 os anos 50 a \u00e1rvore de Natal era vista com certa resist\u00eancia por alguns pa\u00edses da Europa, como Inglaterra, este costume diz ter sido importado da Alemanha, e at\u00e9 ent\u00e3o o pres\u00e9pio era o mais importante s\u00edmbolo natalino.<\/p>\n<h3>O pres\u00e9pio na Hist\u00f3ria do Natal<\/h3>\n<p>Foi em 1223 que S\u00e3o Francisco de Assis come\u00e7ou a dar forma a representa\u00e7\u00e3o da Natividade do menino Jesus, criando o pres\u00e9pio.<\/p>\n<p>Atualmente, tem apenas tr\u00eas figuras indispens\u00e1veis: Maria, Jos\u00e9 e o Menino Jesus na manjedoura.<\/p>\n<p>O pres\u00e9pio ainda \u00e9 o s\u00edmbolo crist\u00e3o mais relevante no dia 25 de Dezembro, at\u00e9 hoje.<\/p>\n<h3>O Papai Noel e o menino Jesus<\/h3>\n<p>Antigamente, os presentes eram distribu\u00eddos por S\u00e3o Nicolau, o padroeiro das crian\u00e7as, no dia 6 de dezembro, santo que est\u00e1 relacionado com a figura do Papai Noel.<\/p>\n<div id=\"attachment_4545\" style=\"width: 809px\" class=\"wp-caption alignnone\"><a href=\"https:\/\/www.languagetrainersbrasil.com.br\/blog\/wp-content\/uploads\/2021\/12\/0059940_regular_sao-nicolau-ruinas-de-sao-nicolau-papai-noel-regiao-das-missoes-historia-sao-nicolau-10.jpeg\"><img decoding=\"async\" aria-describedby=\"caption-attachment-4545\" class=\"wp-image-4545 size-full\" src=\"https:\/\/www.languagetrainersbrasil.com.br\/blog\/wp-content\/uploads\/2021\/12\/0059940_regular_sao-nicolau-ruinas-de-sao-nicolau-papai-noel-regiao-das-missoes-historia-sao-nicolau-10.jpeg\" alt=\"S\u00e3o Nicolau a hist\u00f3ria do Natal\" width=\"799\" height=\"533\" srcset=\"https:\/\/www.languagetrainersbrasil.com.br\/blog\/wp-content\/uploads\/2021\/12\/0059940_regular_sao-nicolau-ruinas-de-sao-nicolau-papai-noel-regiao-das-missoes-historia-sao-nicolau-10.jpeg 799w, https:\/\/www.languagetrainersbrasil.com.br\/blog\/wp-content\/uploads\/2021\/12\/0059940_regular_sao-nicolau-ruinas-de-sao-nicolau-papai-noel-regiao-das-missoes-historia-sao-nicolau-10-250x167.jpeg 250w, https:\/\/www.languagetrainersbrasil.com.br\/blog\/wp-content\/uploads\/2021\/12\/0059940_regular_sao-nicolau-ruinas-de-sao-nicolau-papai-noel-regiao-das-missoes-historia-sao-nicolau-10-700x467.jpeg 700w, https:\/\/www.languagetrainersbrasil.com.br\/blog\/wp-content\/uploads\/2021\/12\/0059940_regular_sao-nicolau-ruinas-de-sao-nicolau-papai-noel-regiao-das-missoes-historia-sao-nicolau-10-768x512.jpeg 768w, https:\/\/www.languagetrainersbrasil.com.br\/blog\/wp-content\/uploads\/2021\/12\/0059940_regular_sao-nicolau-ruinas-de-sao-nicolau-papai-noel-regiao-das-missoes-historia-sao-nicolau-10-120x80.jpeg 120w\" sizes=\"(max-width: 799px) 100vw, 799px\" \/><\/a><p id=\"caption-attachment-4545\" class=\"wp-caption-text\">Imagens que representam S\u00e3o Nicolau &#8211; portal das miss\u00f5es<\/p><\/div>\n<p>No entanto, com a reforma cat\u00f3lica do conc\u00edlio de Trento, no s\u00e9culo XVI, passou a ser atribuido os presentes ao menino Jesus, no dia 25 de Dezembro devido ao seu nascimento.<\/p>\n<p>At\u00e9 hoje, alguns pa\u00edses s\u00f3 trocam presentes no m\u00eas seguinte, no dia 5 ou 6 de janeiro, que \u00e9 a data em que supostamente os tr\u00eas Reis Magos chegaram junto do menino Jesus e lhe ofereceram presentes \u2013 ouro, incenso e mirra.<\/p>\n<p>Na Espanha, por exemplo, celebra-se a <strong>noite da Consoada<\/strong>, ou <strong>Noche Buena<\/strong>, que \u00e9 passada em fam\u00edlia e com amigos, como o dia de Natal.<\/p>\n<p>Sendo que, os presentes s\u00e3o trocados apenas depois do Ano Novo, numa festa chamada <strong>Los Reyes, os Reis.<\/strong><\/p>\n<p>Para finalizar, podemos ver um pouquinho como a celebra\u00e7\u00e3o do Natal atualmente \u00e9 uma jun\u00e7\u00e3o de diversas culturas e pa\u00edses, cheia de lendas, celebra\u00e7\u00f5es e muita criatividade!<\/p>\n<p>Mergulhe num mundo de diferentes culturas! Saiba mais em <a href=\"https:\/\/linkr.bio\/languagetrainersbrept\">Language Trainers!<\/a><\/p>\n","protected":false},"excerpt":{"rendered":"O Natal \u00e9 considerado uma festa popular comemorada em 25 de Dezembro ao redor do mundo, por&#8230;","protected":false},"author":12,"featured_media":4542,"comment_status":"open","ping_status":"open","sticky":false,"template":"","format":"standard","meta":{"footnotes":""},"categories":[29,618,40,630,9,20,10,42],"tags":[133,595,953,140,107,80,36,59,951,954,952],"class_list":["post-4541","post","type-post","status-publish","format-standard","has-post-thumbnail","hentry","category-alemao","category-celebracao","category-cultura","category-curiosidades","category-familia","category-historia","category-paises","category-religiao","tag-alemanha","tag-celebracao","tag-cristao","tag-cultura-2","tag-espanhol-2","tag-europa","tag-historia-2","tag-mundo","tag-natal","tag-paga","tag-roma"],"_links":{"self":[{"href":"https:\/\/www.languagetrainersbrasil.com.br\/blog\/wp-json\/wp\/v2\/posts\/4541"}],"collection":[{"href":"https:\/\/www.languagetrainersbrasil.com.br\/blog\/wp-json\/wp\/v2\/posts"}],"about":[{"href":"https:\/\/www.languagetrainersbrasil.com.br\/blog\/wp-json\/wp\/v2\/types\/post"}],"author":[{"embeddable":true,"href":"https:\/\/www.languagetrainersbrasil.com.br\/blog\/wp-json\/wp\/v2\/users\/12"}],"replies":[{"embeddable":true,"href":"https:\/\/www.languagetrainersbrasil.com.br\/blog\/wp-json\/wp\/v2\/comments?post=4541"}],"version-history":[{"count":10,"href":"https:\/\/www.languagetrainersbrasil.com.br\/blog\/wp-json\/wp\/v2\/posts\/4541\/revisions"}],"predecessor-version":[{"id":4573,"href":"https:\/\/www.languagetrainersbrasil.com.br\/blog\/wp-json\/wp\/v2\/posts\/4541\/revisions\/4573"}],"wp:featuredmedia":[{"embeddable":true,"href":"https:\/\/www.languagetrainersbrasil.com.br\/blog\/wp-json\/wp\/v2\/media\/4542"}],"wp:attachment":[{"href":"https:\/\/www.languagetrainersbrasil.com.br\/blog\/wp-json\/wp\/v2\/media?parent=4541"}],"wp:term":[{"taxonomy":"category","embeddable":true,"href":"https:\/\/www.languagetrainersbrasil.com.br\/blog\/wp-json\/wp\/v2\/categories?post=4541"},{"taxonomy":"post_tag","embeddable":true,"href":"https:\/\/www.languagetrainersbrasil.com.br\/blog\/wp-json\/wp\/v2\/tags?post=4541"}],"curies":[{"name":"wp","href":"https:\/\/api.w.org\/{rel}","templated":true}]}}