{"id":487,"date":"2013-06-10T17:32:47","date_gmt":"2013-06-10T20:32:47","guid":{"rendered":"http:\/\/www.languagetrainersbrasil.com.br\/blog\/?p=487"},"modified":"2014-04-15T12:31:18","modified_gmt":"2014-04-15T15:31:18","slug":"pequeno-desabafo-sobre-coisas-que-lemos-por-ai","status":"publish","type":"post","link":"https:\/\/www.languagetrainersbrasil.com.br\/blog\/pequeno-desabafo-sobre-coisas-que-lemos-por-ai\/","title":{"rendered":"Pequeno Desabafo sobre Coisas que Lemos Por A\u00ed&#8230;"},"content":{"rendered":"<p align=\"justify\">\n<p align=\"justify\"><a href=\"http:\/\/www.languagetrainersbrasil.com.br\/blog\/wp-content\/uploads\/2013\/07\/img_logo_br.jpg\"><img decoding=\"async\" class=\"alignnone size-full wp-image-1454\" alt=\"img_logo_br\" src=\"http:\/\/www.languagetrainersbrasil.com.br\/blog\/wp-content\/uploads\/2013\/07\/img_logo_br.jpg\" width=\"286\" height=\"135\" \/><\/a><\/p>\n<p align=\"justify\">\n<p align=\"justify\">N\u00e3o sei muito bem se foi mesmo o presidente chileno deposto pelo golpe militar, Salvador Allende, quem disse: &#8220;quem n\u00e3o \u00e9 comunista quando jovem n\u00e3o tem cora\u00e7\u00e3o&#8221;. Afinal, essa \u00e9 uma daquelas cita\u00e7\u00f5es que de tanto ser repetida \u201cperde\u201d a autoria. De qualquer forma, acredito que tal frase tenha muito de verdade, embora, precise de uma pequena adapta\u00e7\u00e3o para o contexto ideol\u00f3gico de p\u00f3s-guerra fria: &#8220;quem n\u00e3o \u00e9 de esquerda (ou progressista ou, pelo menos, social democrata) quando jovem n\u00e3o tem cora\u00e7\u00e3o&#8221;.<\/p>\n<p>&nbsp;<\/p>\n<p align=\"justify\">A quantidade de pessoas (no caso, jovens) sem cora\u00e7\u00e3o parece estar cada dia maior. Pelo menos no pequeno e infinito universo da internet e das redes sociais. Basta ler a <i>timeline<\/i> do Twitter, ficar um tempo olhando o <i>feed<\/i> de not\u00edcias do <i>Facebook<\/i> ou (\u201co horror, o horror1\u201d) rolar at\u00e9 a se\u00e7\u00e3o de coment\u00e1rios a barra de uma not\u00edcia de um grande portal de informa\u00e7\u00f5es. Ou seja, basta navegar na internet para estar exposto a uma opini\u00e3o <i>\u201drea\u00e7a&#8221;<\/i> saltando de sua tela. N\u00e3o h\u00e1 como escapar, n\u00e3o adianta escolher o conv\u00edvio virtual: elas v\u00eam de colegas, de parentes distantes, de conhecidos e outras pessoas de bem.<\/p>\n<p>&nbsp;<\/p>\n<p align=\"justify\">Quando me refiro a ideias <i>&#8220;rea\u00e7a&#8221;<\/i> n\u00e3o me refiro a ideias \u201cde direita\u201d. Ideias de gente que vota no PSDB e acredita na livre iniciativa, no desenvolvimentismo, no progresso e no legalismo. N\u00e3o falo, enfim, de nenhuma ideia que possa ser considerada como &#8220;esclarecida&#8221; (no sentido de ser condizente com o Iluminismo ou Esclarecimento2 como preferiam os alem\u00e3es). Mas sim de frases e pensamentos que s\u00e3o t\u00e3o obscurantistas que se fossem emitidos naquela \u00e9poca (do Esclarecimento) j\u00e1 poderiam causar embara\u00e7o, vergonha e revolta. Falo de coisas como o negacionismo do holocausto, profiss\u00f5es cegas de f\u00e9 no mito da democracia racial brasileira, louvores \u00e0 interfer\u00eancia da religi\u00e3o do estado, a \u201cci\u00eancia\u201d (geralmente a psicologia evolucionista, a hist\u00f3ria ou a antropologia usadas de forma distorcida) sendo usada para justificar a superioridade masculina (e\/ou branca, heterossexual, etc.), reclama\u00e7\u00f5es a respeito de o governo financiar o tratamento de viciados em drogas, acusa\u00e7\u00f5es de cumplicidade contra aqueles que &#8220;ousam&#8221; questionar a abordagem policial em alguns casos&#8230;. Isso s\u00f3 pra me manter, digamos assim, nas ideias <i>&#8220;rea\u00e7as&#8221;<\/i> de car\u00e1ter mais geral&#8230;<\/p>\n<p>&nbsp;<\/p>\n<p align=\"justify\">Refiro-me, enfim, a ideias que n\u00e3o podem ser consideradas como anticomunistas, porque, muito antes, devem ser consideradas como anti-iluministas. Ideias que matariam Kant de desgosto e que parecem dar raz\u00e3o a Allende.<\/p>\n<p><b>Observa\u00e7\u00f5es<\/b><\/p>\n<p align=\"\u201djustify\u201d\">1 Essa cita\u00e7\u00e3o foi bastante usada, mas ainda n\u00e3o perdeu sua autoria (pelo menos n\u00e3o para mim). \u00c9 de Joseph Conrad em sua obra \u201cO Cora\u00e7\u00e3o das Trevas\u201d.<\/p>\n<p>&nbsp;<\/p>\n<p align=\"\u201djustify\u201d\">2 Em alem\u00e3o <i>Aufkl\u00e4rung<\/i>. Para esclarecer a sua vis\u00e3o sobre os pensadores do esclarecimento e de diversos outras correntes de pensamento que tal fazer um Curso de alem\u00e3o em Salvador para aproveitar tais obras em seu idioma original?<\/p>\n","protected":false},"excerpt":{"rendered":"N\u00e3o sei muito bem se foi mesmo o presidente chileno deposto pelo golpe militar, Salvador Allende, quem&#8230;","protected":false},"author":1,"featured_media":0,"comment_status":"open","ping_status":"open","sticky":false,"template":"","format":"standard","meta":{"footnotes":""},"categories":[38],"tags":[],"class_list":["post-487","post","type-post","status-publish","format-standard","hentry","category-politica"],"_links":{"self":[{"href":"https:\/\/www.languagetrainersbrasil.com.br\/blog\/wp-json\/wp\/v2\/posts\/487"}],"collection":[{"href":"https:\/\/www.languagetrainersbrasil.com.br\/blog\/wp-json\/wp\/v2\/posts"}],"about":[{"href":"https:\/\/www.languagetrainersbrasil.com.br\/blog\/wp-json\/wp\/v2\/types\/post"}],"author":[{"embeddable":true,"href":"https:\/\/www.languagetrainersbrasil.com.br\/blog\/wp-json\/wp\/v2\/users\/1"}],"replies":[{"embeddable":true,"href":"https:\/\/www.languagetrainersbrasil.com.br\/blog\/wp-json\/wp\/v2\/comments?post=487"}],"version-history":[{"count":5,"href":"https:\/\/www.languagetrainersbrasil.com.br\/blog\/wp-json\/wp\/v2\/posts\/487\/revisions"}],"predecessor-version":[{"id":1474,"href":"https:\/\/www.languagetrainersbrasil.com.br\/blog\/wp-json\/wp\/v2\/posts\/487\/revisions\/1474"}],"wp:attachment":[{"href":"https:\/\/www.languagetrainersbrasil.com.br\/blog\/wp-json\/wp\/v2\/media?parent=487"}],"wp:term":[{"taxonomy":"category","embeddable":true,"href":"https:\/\/www.languagetrainersbrasil.com.br\/blog\/wp-json\/wp\/v2\/categories?post=487"},{"taxonomy":"post_tag","embeddable":true,"href":"https:\/\/www.languagetrainersbrasil.com.br\/blog\/wp-json\/wp\/v2\/tags?post=487"}],"curies":[{"name":"wp","href":"https:\/\/api.w.org\/{rel}","templated":true}]}}