{"id":503,"date":"2013-06-30T20:06:58","date_gmt":"2013-06-30T23:06:58","guid":{"rendered":"http:\/\/www.languagetrainersbrasil.com.br\/blog\/?p=503"},"modified":"2014-04-15T12:27:19","modified_gmt":"2014-04-15T15:27:19","slug":"representacao-iii","status":"publish","type":"post","link":"https:\/\/www.languagetrainersbrasil.com.br\/blog\/representacao-iii\/","title":{"rendered":"Representa\u00e7\u00e3o III"},"content":{"rendered":"<h2><a href=\"http:\/\/www.languagetrainersbrasil.com.br\/blog\/wp-content\/uploads\/2013\/07\/img_logo_br.jpg\"><img decoding=\"async\" class=\"alignnone size-full wp-image-1454\" alt=\"img_logo_br\" src=\"http:\/\/www.languagetrainersbrasil.com.br\/blog\/wp-content\/uploads\/2013\/07\/img_logo_br.jpg\" width=\"286\" height=\"135\" \/><\/a><\/h2>\n<h2><\/h2>\n<h2>O come\u00e7o (ao menos de nosso &#8220;recorte&#8221;)<\/h2>\n<p align=\"justify\">Embora seja estranho falar em in\u00edcio das manifesta\u00e7\u00f5es (com tantos movimentos, tantas causas, muitas delas em pauta h\u00e1 muito tempo), \u00e9 preciso fazer um recorte. Como o principal tema abordado nesta s\u00e9rie de posts \u00e9 a luta por representatividade e a crise representante \/ representado, \u00e9 coerente que este recorte recaia sobre os protestos contra o aumento da passagem de \u00f4nibus na cidade de S\u00e3o Paulo, organizados pelo Movimento Passe Livre (MPL).<\/p>\n<p>&nbsp;<\/p>\n<p align=\"justify\">Ap\u00f3s a confirma\u00e7\u00e3o de que o aumento da tarifa de \u00f4nibus na cidade de S\u00e3o Paulo (de R$ 3,00 para R$ 3,20) seria efetivado, o MPL convocou a popula\u00e7\u00e3o e seus militantes \u00e0s ruas. Mesmo com as revoga\u00e7\u00f5es de impostos e com os incentivos federais para o setor de transportes p\u00fablicos (diminui\u00e7\u00e3o nos impostos do diesel, desonera\u00e7\u00e3o da folha de pagamento, facilidades nos financiamentos para a compra de \u00f4nibus, etc.), o aumento, anunciado no ano passado, foi considerado pela prefeitura (sob o comando do rec\u00e9m-eleito petista Fernando Haddad) como irrevog\u00e1vel. Diante da impossibilidade de negocia\u00e7\u00e3o, O MPL \u2013 que, por sua vez, j\u00e1 havia se manifestado e ido \u00e0s ruas quando o aumento foi anunciado no ano passado \u2013 organizou uma s\u00e9rie de protestos pela revoga\u00e7\u00e3o do aumento.<\/p>\n<p>&nbsp;<\/p>\n<p align=\"justify\">Essa primeira s\u00e9rie de protestos (bem menor, mais localizada e mais focada do que a onda atual) se concentrou na regi\u00e3o da Paulista. Como sempre, h\u00e1 diversas vers\u00f5es a respeito do desenrolar desses \u201cprimeiros\u201d protestos. Mas, o que se sabe \u00e9 que terminaram em uma truculenta repress\u00e3o policial e em danos ao patrim\u00f4nio p\u00fablico e privado. No dia seguinte, o movimento recebeu pesadas cr\u00edticas. Tanto o governador quanto o prefeito desconsideraram os protestos, considerando-os como pequenos, insignificantes e localizados. J\u00e1 a popula\u00e7\u00e3o condenou-os, acusando os manifestantes de vandalismo. A m\u00eddia criminalizou pesadamente o movimento, com direito a editais convocando a pol\u00edcia a reprimir os manifestantes. Editais que, inclusive, faziam uso de linguajar militar dizendo que era preciso <i>retomar<\/i> a Avenida Paulista.<\/p>\n<p>&nbsp;<\/p>\n<p align=\"justify\">A respeito da rea\u00e7\u00e3o da m\u00eddia, ecoada pela popula\u00e7\u00e3o, ao movimento (nesse primeiro momento) um pequeno coment\u00e1rio: \u00e9 de estranhar que o ato de uma ou algumas pessoas em uma situa\u00e7\u00e3o de tens\u00e3o ou confronto (ou simplesmente por babaquice mesmo) seja usado e amplamente aceito como argumento contra uma determinada reivindica\u00e7\u00e3o popular. Claro que a destrui\u00e7\u00e3o e a viol\u00eancia s\u00e3o crimes, mas o fato de um (ou alguns) dos participantes de uma passeata cometerem um crime, torna automaticamente todas as reivindica\u00e7\u00f5es de todos os demais membros inv\u00e1lidas e indignas de serem discutidas?<\/p>\n<p>&nbsp;<\/p>\n<p align=\"justify\">Voltando ao tema, mesmo com toda essa rea\u00e7\u00e3o, o MPL decidiu continuar com os protestos. No dia 12 (uma quarta-feira) a tropa de choque da pol\u00edcia militar seguiu ao p\u00e9 da letra a sugest\u00e3o dos editais da imprensa. A paulista foi retomada com spray de pimenta, bombas de g\u00e1s lacrimog\u00eaneo, bombas de efeito moral, cassetetes e balas de borracha.<\/p>\n<p>&nbsp;<\/p>\n<p align=\"justify\">No dia seguinte, centenas de relatos de brutalidade ou de excesso de for\u00e7a policial pipocaram pelas redes sociais. Fotos de manifestantes indefesos sendo atacados com spray de pimenta e cassetetes. V\u00eddeos de ciclistas (que n\u00e3o participavam do protesto) sendo presos, de senhoras que voltavam do trabalho sendo atingidas por balas de borracha e de agentes policiais danificando a pr\u00f3pria viatura de modo a \u201cjustificar\u201d o confronto&#8230;<\/p>\n<p>&nbsp;<\/p>\n<p align=\"justify\">Por\u00e9m, as imagens n\u00e3o ficaram restritas as novas m\u00eddias. A imprensa tradicional (ou velha m\u00eddia) tamb\u00e9m apresentou filmagens de grupos de fot\u00f3grafos sendo dispersados com bombas de g\u00e1s lacrimog\u00eaneo, fotos de jornalistas atingidos com balas de borracha no olho e, talvez o caso mais famoso, v\u00eddeo de um jornalista sendo preso por porte de vinagre (que seria usado para amenizar os efeitos do g\u00e1s lacrimog\u00eaneo).<\/p>\n<p>&nbsp;<\/p>\n<p align=\"justify\">Diante dessa profus\u00e3o de imagens de repress\u00e3o e de for\u00e7a desproporcional, a opini\u00e3o da popula\u00e7\u00e3o subitamente mudou. Os manifestantes que entravam em confronto com a pol\u00edcia deixaram de ser vistos como v\u00e2ndalos, arruaceiros e <i>punks<\/i> e se tornaram trabalhadores, estudantes, amigos, vizinhos e filhos&#8230; A imprensa (um pouco por ter sofrido do mesmo excesso de for\u00e7a, e muito para acompanhar a mudan\u00e7a de opini\u00e3o geral e eximir-se do incentivo anteriormente fornecido \u00e0 repress\u00e3o) tamb\u00e9m mudou subitamente de opini\u00e3o. Analistas pol\u00edticos, comentaristas do cotidiano, colunistas e editoriais reviram suas opini\u00f5es. E aquilo que era assunto apenas no <i>Twitter<\/i> e no <i>Facebook<\/i> daqueles que s\u00e3o mais interessados ou envolvidos em pol\u00edtica se tornou a discuss\u00e3o de todos nos bares de Belo Horizonte, nos caf\u00e9s de Curitiba, nos escrit\u00f3rios de S\u00e3o Paulo e at\u00e9 nos exerc\u00edcios de conversa\u00e7\u00e3o das <a href=\"http:\/\/www.languagetrainersbrasil.com.br\/cursos_frances.php\">Aulas de franc\u00eas no Rio de Janeiro<\/a>&#8230;<\/p>\n<p>&nbsp;<\/p>\n<p align=\"justify\">No pr\u00f3ximo post, a rea\u00e7\u00e3o dos governantes (prefeito e governador) e a colabora\u00e7\u00e3o delas para a massa cr\u00edtica das manifesta\u00e7\u00f5es.<\/p>\n","protected":false},"excerpt":{"rendered":"O come\u00e7o (ao menos de nosso &#8220;recorte&#8221;) Embora seja estranho falar em in\u00edcio das manifesta\u00e7\u00f5es (com tantos&#8230;","protected":false},"author":1,"featured_media":0,"comment_status":"open","ping_status":"open","sticky":false,"template":"","format":"standard","meta":{"footnotes":""},"categories":[38],"tags":[],"class_list":["post-503","post","type-post","status-publish","format-standard","hentry","category-politica"],"_links":{"self":[{"href":"https:\/\/www.languagetrainersbrasil.com.br\/blog\/wp-json\/wp\/v2\/posts\/503"}],"collection":[{"href":"https:\/\/www.languagetrainersbrasil.com.br\/blog\/wp-json\/wp\/v2\/posts"}],"about":[{"href":"https:\/\/www.languagetrainersbrasil.com.br\/blog\/wp-json\/wp\/v2\/types\/post"}],"author":[{"embeddable":true,"href":"https:\/\/www.languagetrainersbrasil.com.br\/blog\/wp-json\/wp\/v2\/users\/1"}],"replies":[{"embeddable":true,"href":"https:\/\/www.languagetrainersbrasil.com.br\/blog\/wp-json\/wp\/v2\/comments?post=503"}],"version-history":[{"count":8,"href":"https:\/\/www.languagetrainersbrasil.com.br\/blog\/wp-json\/wp\/v2\/posts\/503\/revisions"}],"predecessor-version":[{"id":1467,"href":"https:\/\/www.languagetrainersbrasil.com.br\/blog\/wp-json\/wp\/v2\/posts\/503\/revisions\/1467"}],"wp:attachment":[{"href":"https:\/\/www.languagetrainersbrasil.com.br\/blog\/wp-json\/wp\/v2\/media?parent=503"}],"wp:term":[{"taxonomy":"category","embeddable":true,"href":"https:\/\/www.languagetrainersbrasil.com.br\/blog\/wp-json\/wp\/v2\/categories?post=503"},{"taxonomy":"post_tag","embeddable":true,"href":"https:\/\/www.languagetrainersbrasil.com.br\/blog\/wp-json\/wp\/v2\/tags?post=503"}],"curies":[{"name":"wp","href":"https:\/\/api.w.org\/{rel}","templated":true}]}}